{"id":2212,"date":"2012-01-26T17:02:45","date_gmt":"2012-01-26T17:02:45","guid":{"rendered":"http:\/\/sinservregional.com.br\/site\/?p=2212"},"modified":"2012-01-26T17:02:45","modified_gmt":"2012-01-26T17:02:45","slug":"barra-do-rocha-feijoada-marca-mais-um-dia-de-greve-dos-servidores-sem-salarios","status":"publish","type":"post","link":"https:\/\/sinservregional.com.br\/site\/?p=2212","title":{"rendered":"Barra do Rocha: Feijoada marca mais um dia de greve dos servidores sem sal\u00e1rios"},"content":{"rendered":"<p><img loading=\"lazy\" decoding=\"async\" class=\" alignleft size-full wp-image-2210\" src=\"https:\/\/sinservregional.com.br\/site\/wp-content\/uploads\/2012\/01\/grevebarrasinservjan2012.jpg\" border=\"0\" hspace=\"10\" vspace=\"10\" width=\"258\" height=\"172\" align=\"left\" srcset=\"https:\/\/sinservregional.com.br\/site\/wp-content\/uploads\/2012\/01\/grevebarrasinservjan2012.jpg 640w, https:\/\/sinservregional.com.br\/site\/wp-content\/uploads\/2012\/01\/grevebarrasinservjan2012-300x200.jpg 300w\" sizes=\"auto, (max-width: 258px) 100vw, 258px\" \/><\/p>\n<p style=\"text-align: justify\" class=\"MsoNormal\"><span style=\"font-size: 10pt; line-height: 115%; font-family: Verdana, sans-serif\"><font color=\"#000000\">Os servidores municipais de Barra do Rocha continuam mobilizados em protesto contra a pol\u00edtica salarial imposta pelo prefeito, J\u00f4natas V\u00eantura; Com dois meses de sal\u00e1rios atrasados os trabalhadores resolveram, corajosamente, dar um basta a esta situa\u00e7\u00e3o. Na manh\u00e3 da \u00faltima quarta-feira, 25 de janeiro, os trabalhadores se concentraram na porta da prefeitura, como vem fazendo desde o dia 19\/01, de forma ordeira e pac\u00edfica, e serviram uma deliciosa feijoada a todos os presentes &#8211;\u00a0<em>Mas, aten\u00e7\u00e3o, o almo\u00e7o foi patrocinado por volunt\u00e1rios, pois os servidores est\u00e3o sem dinheiro<\/em>. A expectativa do sindicato, bem como a de todos os servidores, \u00e9 do cumprimento da promessa feita pelo prefeito de efetuar o pagamento do m\u00eas de novembro\/2011, no dia 30. Confirmado o pagamento de todos os servidores, os mesmos voltar\u00e3o as suas atividades normalmente at\u00e9 o pr\u00f3ximo dia 10\/02, quando receber\u00e3o os sal\u00e1rios de dezembro\/11 e metade de janeiro\/12, segundo a palavra do prefeito, J\u00f4natas V\u00eantura; Caso n\u00e3o se cumpra o acordado, a categoria j\u00e1 decidiu em assembleia, retornar \u00e0 greve.\u00a0<\/font><\/span><\/p>\n","protected":false},"excerpt":{"rendered":"<p>Os servidores municipais de Barra do Rocha continuam mobilizados em protesto contra a pol\u00edtica salarial imposta pelo prefeito, J\u00f4natas V\u00eantura; Com dois meses de sal\u00e1rios atrasados os trabalhadores resolveram, corajosamente, dar um basta a esta situa\u00e7\u00e3o. Na manh\u00e3 da \u00faltima quarta-feira, 25 de janeiro, os trabalhadores se concentraram na porta da prefeitura, como vem fazendo &hellip; <\/p>\n","protected":false},"author":1,"featured_media":2210,"comment_status":"open","ping_status":"open","sticky":false,"template":"","format":"standard","meta":{"footnotes":""},"categories":[15],"tags":[],"class_list":["post-2212","post","type-post","status-publish","format-standard","has-post-thumbnail","hentry","category-c34-gerais"],"_links":{"self":[{"href":"https:\/\/sinservregional.com.br\/site\/index.php?rest_route=\/wp\/v2\/posts\/2212","targetHints":{"allow":["GET"]}}],"collection":[{"href":"https:\/\/sinservregional.com.br\/site\/index.php?rest_route=\/wp\/v2\/posts"}],"about":[{"href":"https:\/\/sinservregional.com.br\/site\/index.php?rest_route=\/wp\/v2\/types\/post"}],"author":[{"embeddable":true,"href":"https:\/\/sinservregional.com.br\/site\/index.php?rest_route=\/wp\/v2\/users\/1"}],"replies":[{"embeddable":true,"href":"https:\/\/sinservregional.com.br\/site\/index.php?rest_route=%2Fwp%2Fv2%2Fcomments&post=2212"}],"version-history":[{"count":0,"href":"https:\/\/sinservregional.com.br\/site\/index.php?rest_route=\/wp\/v2\/posts\/2212\/revisions"}],"wp:featuredmedia":[{"embeddable":true,"href":"https:\/\/sinservregional.com.br\/site\/index.php?rest_route=\/wp\/v2\/media\/2210"}],"wp:attachment":[{"href":"https:\/\/sinservregional.com.br\/site\/index.php?rest_route=%2Fwp%2Fv2%2Fmedia&parent=2212"}],"wp:term":[{"taxonomy":"category","embeddable":true,"href":"https:\/\/sinservregional.com.br\/site\/index.php?rest_route=%2Fwp%2Fv2%2Fcategories&post=2212"},{"taxonomy":"post_tag","embeddable":true,"href":"https:\/\/sinservregional.com.br\/site\/index.php?rest_route=%2Fwp%2Fv2%2Ftags&post=2212"}],"curies":[{"name":"wp","href":"https:\/\/api.w.org\/{rel}","templated":true}]}}