{"id":2172,"date":"2012-01-04T17:12:59","date_gmt":"2012-01-04T17:12:59","guid":{"rendered":"http:\/\/sinservregional.com.br\/site\/?p=2172"},"modified":"2012-01-04T17:12:59","modified_gmt":"2012-01-04T17:12:59","slug":"ministro-estraga-ferias-de-dilma","status":"publish","type":"post","link":"https:\/\/sinservregional.com.br\/site\/?p=2172","title":{"rendered":"Ministro estraga f\u00e9rias de Dilma"},"content":{"rendered":"<p style=\"text-align: justify\"><img loading=\"lazy\" decoding=\"async\" src=\"http:\/\/colunistas.ig.com.br\/poderonline\/files\/2012\/01\/02.08.2011RNA008ABR_5-300x199.jpg\" border=\"0\" hspace=\"10\" vspace=\"10\" width=\"250\" height=\"166\" align=\"left\" \/><span style=\"font-size: 10pt; font-family: 'Verdana','sans-serif'; color: black\">A not\u00edcia de <em><span style=\"font-family: 'Verdana','sans-serif'\">O Estado de S. Paulo<\/span><\/em> de que o ministro da Integra\u00e7\u00e3o Nacional, Fernando Bezerra Coelho, apadrinhado pelo governador Eduardo Campos (PSB), destinou 90% da verba antienchente em 2011 para Pernambuco estragou as f\u00e9rias de Dilma Rousseff.<\/span><\/p>\n<p style=\"text-align: justify\"><span style=\"font-size: 10pt; font-family: 'Verdana','sans-serif'; color: black\">Ela est\u00e1 possessa.<\/span><\/p>\n<p style=\"text-align: justify\" class=\"MsoNormal\"><span style=\"font-size: 10pt; line-height: 115%; font-family: 'Verdana','sans-serif'; color: black\">\u00a0<\/span><\/p>\n","protected":false},"excerpt":{"rendered":"<p>A not\u00edcia de O Estado de S. Paulo de que o ministro da Integra\u00e7\u00e3o Nacional, Fernando Bezerra Coelho, apadrinhado pelo governador Eduardo Campos (PSB), destinou 90% da verba antienchente em 2011 para Pernambuco estragou as f\u00e9rias de Dilma Rousseff. Ela est\u00e1 possessa. \u00a0<\/p>\n","protected":false},"author":1,"featured_media":0,"comment_status":"open","ping_status":"open","sticky":false,"template":"","format":"standard","meta":{"footnotes":""},"categories":[15],"tags":[],"class_list":["post-2172","post","type-post","status-publish","format-standard","hentry","category-c34-gerais"],"_links":{"self":[{"href":"https:\/\/sinservregional.com.br\/site\/index.php?rest_route=\/wp\/v2\/posts\/2172","targetHints":{"allow":["GET"]}}],"collection":[{"href":"https:\/\/sinservregional.com.br\/site\/index.php?rest_route=\/wp\/v2\/posts"}],"about":[{"href":"https:\/\/sinservregional.com.br\/site\/index.php?rest_route=\/wp\/v2\/types\/post"}],"author":[{"embeddable":true,"href":"https:\/\/sinservregional.com.br\/site\/index.php?rest_route=\/wp\/v2\/users\/1"}],"replies":[{"embeddable":true,"href":"https:\/\/sinservregional.com.br\/site\/index.php?rest_route=%2Fwp%2Fv2%2Fcomments&post=2172"}],"version-history":[{"count":0,"href":"https:\/\/sinservregional.com.br\/site\/index.php?rest_route=\/wp\/v2\/posts\/2172\/revisions"}],"wp:attachment":[{"href":"https:\/\/sinservregional.com.br\/site\/index.php?rest_route=%2Fwp%2Fv2%2Fmedia&parent=2172"}],"wp:term":[{"taxonomy":"category","embeddable":true,"href":"https:\/\/sinservregional.com.br\/site\/index.php?rest_route=%2Fwp%2Fv2%2Fcategories&post=2172"},{"taxonomy":"post_tag","embeddable":true,"href":"https:\/\/sinservregional.com.br\/site\/index.php?rest_route=%2Fwp%2Fv2%2Ftags&post=2172"}],"curies":[{"name":"wp","href":"https:\/\/api.w.org\/{rel}","templated":true}]}}