{"id":2160,"date":"2011-12-27T09:45:01","date_gmt":"2011-12-27T09:45:01","guid":{"rendered":"http:\/\/sinservregional.com.br\/site\/?p=2160"},"modified":"2011-12-27T09:45:01","modified_gmt":"2011-12-27T09:45:01","slug":"dilma-vai-a-praia-com-a-filha-no-primeiro-dia-de-ferias","status":"publish","type":"post","link":"https:\/\/sinservregional.com.br\/site\/?p=2160","title":{"rendered":"Dilma vai \u00e0 praia com a filha no primeiro dia de f\u00e9rias"},"content":{"rendered":"<p align=\"justify\"><font color=\"#000000\"><span style=\"font-size: 10pt; font-family: 'Verdana','sans-serif'\"><img loading=\"lazy\" decoding=\"async\" src=\"http:\/\/www.bahianoticias.com.br\/fotos\/principal_noticias\/108332\/IMAGEM_NOTICIA_5.jpg\" border=\"0\" hspace=\"10\" vspace=\"10\" width=\"253\" height=\"186\" align=\"left\" \/>A presidente Dilma Rousseff ficou em uma \u00e1rea de mata atl\u00e2ntica, longe da vista de curiosos, em seu primeiro dia de f\u00e9rias na Base Naval de Aratu. Apenas no final da tarde desta segunda-feira (26), segundo a Folha, a presidente e a filha, Paula Rousseff, foram \u00e0 praia, por volta das 18h. Segundo o jornal, Dilma usava um mai\u00f4 preto sob um vestido verde-escuro, chap\u00e9u e \u00f3culos escuros. Ela<span class=\"apple-converted-space\">\u00a0<\/span>chegou\u00a0<\/span><font size=\"3\"><font face=\"Calibri\">\u00e0 base de helic\u00f3ptero \u00e0s 12h25 de segunda, onde passar\u00e1 o Ano Novo acompanhada da m\u00e3e, Dilma Jane, do neto Gabriel, do genro Rafael Covolo, do ex-marido Carlos Ara\u00fajo e de uma tia. Todos est\u00e3o hospedados em uma casa localizada em uma \u00e1rea recuada da base, destinada a autoridades. O im\u00f3vel \u00e9 o mesmo que abrigou o ex-presidente Lula na virada do ano de 2009 para 2010. <span style=\"font-size: 10pt; font-family: 'Verdana','sans-serif'\">(Fotos: Ag\u00eancia Estado)<\/span><\/font><\/font><\/font><font color=\"#000000\"><\/font><\/p>\n","protected":false},"excerpt":{"rendered":"<p>A presidente Dilma Rousseff ficou em uma \u00e1rea de mata atl\u00e2ntica, longe da vista de curiosos, em seu primeiro dia de f\u00e9rias na Base Naval de Aratu. Apenas no final da tarde desta segunda-feira (26), segundo a Folha, a presidente e a filha, Paula Rousseff, foram \u00e0 praia, por volta das 18h. Segundo o jornal, &hellip; <\/p>\n","protected":false},"author":1,"featured_media":0,"comment_status":"open","ping_status":"open","sticky":false,"template":"","format":"standard","meta":{"footnotes":""},"categories":[15],"tags":[],"class_list":["post-2160","post","type-post","status-publish","format-standard","hentry","category-c34-gerais"],"_links":{"self":[{"href":"https:\/\/sinservregional.com.br\/site\/index.php?rest_route=\/wp\/v2\/posts\/2160","targetHints":{"allow":["GET"]}}],"collection":[{"href":"https:\/\/sinservregional.com.br\/site\/index.php?rest_route=\/wp\/v2\/posts"}],"about":[{"href":"https:\/\/sinservregional.com.br\/site\/index.php?rest_route=\/wp\/v2\/types\/post"}],"author":[{"embeddable":true,"href":"https:\/\/sinservregional.com.br\/site\/index.php?rest_route=\/wp\/v2\/users\/1"}],"replies":[{"embeddable":true,"href":"https:\/\/sinservregional.com.br\/site\/index.php?rest_route=%2Fwp%2Fv2%2Fcomments&post=2160"}],"version-history":[{"count":0,"href":"https:\/\/sinservregional.com.br\/site\/index.php?rest_route=\/wp\/v2\/posts\/2160\/revisions"}],"wp:attachment":[{"href":"https:\/\/sinservregional.com.br\/site\/index.php?rest_route=%2Fwp%2Fv2%2Fmedia&parent=2160"}],"wp:term":[{"taxonomy":"category","embeddable":true,"href":"https:\/\/sinservregional.com.br\/site\/index.php?rest_route=%2Fwp%2Fv2%2Fcategories&post=2160"},{"taxonomy":"post_tag","embeddable":true,"href":"https:\/\/sinservregional.com.br\/site\/index.php?rest_route=%2Fwp%2Fv2%2Ftags&post=2160"}],"curies":[{"name":"wp","href":"https:\/\/api.w.org\/{rel}","templated":true}]}}