{"id":2155,"date":"2011-12-21T10:04:22","date_gmt":"2011-12-21T10:04:22","guid":{"rendered":"http:\/\/sinservregional.com.br\/site\/?p=2155"},"modified":"2011-12-21T10:04:22","modified_gmt":"2011-12-21T10:04:22","slug":"secretario-de-governo-diz-que-vereador-foi-mentiroso-irresponsavel-e-leviano","status":"publish","type":"post","link":"https:\/\/sinservregional.com.br\/site\/?p=2155","title":{"rendered":"Secret\u00e1rio de Governo diz que Vereador foi \u201cmentiroso, irrespons\u00e1vel e leviano\u201d"},"content":{"rendered":"<p align=\"justify\"><font color=\"#000000\"><span style=\"font-size: 10pt; background: white; font-family: 'Verdana','sans-serif'\"><img loading=\"lazy\" decoding=\"async\" src=\"http:\/\/www.jequiereporter.com.br\/blog\/wp-content\/uploads\/2011\/12\/Sep%C3%BAlveda.jpg\" border=\"0\" hspace=\"10\" vspace=\"10\" width=\"258\" height=\"213\" align=\"left\" \/>As insinua\u00e7\u00f5es feitas pelo vereador Jos\u00e9 Sim\u00f5es de Carvalho J\u00fanior (PP), de que teria havido irregularidade por parte da Prefeitura, no pagamento de um processo [segundo o vereador no valor de R$ 75,6 mil \u00e0 empresa Barreto Estruturas e Equipamentos para Eventos Ltda, destinado \u00e0 loca\u00e7\u00e3o de tablados e toldos, no m\u00eas de dezembro\/2011, foram recha\u00e7adas na manh\u00e3 de ter\u00e7a-feira (20), no programa &#8220;Jequi\u00e9 Urgente&#8221;-93 FM, pelo Secret\u00e1rio de Governo, Luciano Sep\u00falveda, que tendo em m\u00e3os c\u00f3pias integral\u00a0 dos processos 088 e 089\/2011, disparou que o vereador teria sido em suas declara\u00e7\u00f5es,\u00a0 &#8220;mentiroso, leviano e irrespons\u00e1vel&#8221;.<\/span><\/font> <\/p>\n<p> <!--more--> <span style=\"font-size: 10pt; background: white; font-family: 'Verdana','sans-serif'\"><font color=\"#000000\"><\/p>\n<div style=\"text-align: center\"><img loading=\"lazy\" decoding=\"async\" src=\"http:\/\/www.jequiereporter.com.br\/blog\/wp-content\/uploads\/2011\/12\/Guarda1.jpg\" border=\"0\" vspace=\"10\" width=\"258\" height=\"194\" \/><\/div>\n<div style=\"text-align: center\"><span style=\"font-size: 10pt; background: white; color: #7f7f7f; font-family: 'Verdana','sans-serif'\">Enquanto o Secret\u00e1rio Sep\u00falveda permaneceu no est\u00fadio da 93 FM o diretor da Guarda Municipal Sgt \u00c2ngelo, com dois guardas permaneceram em frente ao pr\u00e9dio da emissora<\/span><\/div>\n<p align=\"justify\"><span style=\"font-size: 10pt; background: white; font-family: 'Verdana','sans-serif'\"><font color=\"#000000\">O Secret\u00e1rio Luciano Sep\u00falveda procurou atribuir as declara\u00e7\u00f5es do vereador Sim\u00f5es J\u00fanior, a \u201cum ato preconceituoso do vereador com a comunidade evang\u00e9lica, diante da sua forma\u00e7\u00e3o familiar Cat\u00f3lica\u201d. \u201cPor que ele nunca questionou os valores gastos pela Prefeitura, com os festejos de Santo Antonio?\u201d. Com rela\u00e7\u00e3o ao processo 088\/2011, o Secretario apresentou c\u00f3pias que comprovam sua destina\u00e7\u00e3o aos festejos natalinos da Pra\u00e7a Ruy Barbosa, no per\u00edodo de 1\u00ba de dezembro a 6 de janeiro. Sep\u00falveda tamb\u00e9m corrigiu o valor do processo que \u00e9 de R$ 45,5 mil e n\u00e3o R$ 75,6 mil, como foi dito no dia anterior por Jos\u00e9 Sim\u00f5es. \u201cAcredito que essa atitude foi uma repres\u00e1lia ao Secret\u00e1rio Fabr\u00edcio Borges (Desenvolvimento Econ\u00f4mico), em raz\u00e3o da divulga\u00e7\u00e3o em 2008,\u00a0 na r\u00e1dio de propriedade da fam\u00edlia do Secret\u00e1rio, de irregularidades praticadas pelo vereador \u00e9poca em que ele presidia a C\u00e2mara Municipal\u201d, apimentou Sep\u00falveda. Por telefone\u00a0 Jos\u00e9 Sim\u00f5es interpelou Sep\u00falveda, chamando-0 de \u201ccovarde\u201d, adjetivo devolvido a ele pelo entrevistado em face dele haver criticado um colega vereador sem citar\u00a0 o nome. O Secret\u00e1rio ainda responsabilizou o vereador Jos\u00e9 Sim\u00f5es por n\u00e3o ter emitido parecer ao projeto de lei enviado pelo Executivo propondo a prorroga\u00e7\u00e3o de 170 servidores da Sa\u00fade, em 7 de outubro passado, \u201cse forem interrompidos servi\u00e7os como o do SAMU, o respons\u00e1vel \u00e9 o vereador Jos\u00e9 Sim\u00f5es\u201d, afirmou. Jos\u00e9 Sim\u00f5es solicitou espa\u00e7o no programa Comando 93 (meio dia a 13h), de ter\u00e7a, 20, para responder as cita\u00e7\u00f5es do Secret\u00e1rio Municipal. Sobre todo esse epis\u00f3dio, que teve rela\u00e7\u00e3o inicial ao apoio da Prefeitura \u00e0 celebra\u00e7\u00e3o do \u201cDia da B\u00edblia\u201d, em 10 de dezembro, a Ordem dos Pastores Evang\u00e9licos-OPEJ, tamb\u00e9m ir\u00e1 fazer um pronunciamento p\u00fablico em torno de toda a pol\u00eamica e o envolvimento do nome da entidade. <span style=\"font-size: 10pt; background: white; font-family: 'Verdana','sans-serif'\">Fonte, Jequi\u00e9 Rep\u00f3rter.<\/span><\/font><\/span><\/p>\n<p><\/font><\/span><\/p>\n","protected":false},"excerpt":{"rendered":"<p>As insinua\u00e7\u00f5es feitas pelo vereador Jos\u00e9 Sim\u00f5es de Carvalho J\u00fanior (PP), de que teria havido irregularidade por parte da Prefeitura, no pagamento de um processo [segundo o vereador no valor de R$ 75,6 mil \u00e0 empresa Barreto Estruturas e Equipamentos para Eventos Ltda, destinado \u00e0 loca\u00e7\u00e3o de tablados e toldos, no m\u00eas de dezembro\/2011, foram &hellip; <\/p>\n","protected":false},"author":1,"featured_media":0,"comment_status":"open","ping_status":"open","sticky":false,"template":"","format":"standard","meta":{"footnotes":""},"categories":[15],"tags":[],"class_list":["post-2155","post","type-post","status-publish","format-standard","hentry","category-c34-gerais"],"_links":{"self":[{"href":"https:\/\/sinservregional.com.br\/site\/index.php?rest_route=\/wp\/v2\/posts\/2155","targetHints":{"allow":["GET"]}}],"collection":[{"href":"https:\/\/sinservregional.com.br\/site\/index.php?rest_route=\/wp\/v2\/posts"}],"about":[{"href":"https:\/\/sinservregional.com.br\/site\/index.php?rest_route=\/wp\/v2\/types\/post"}],"author":[{"embeddable":true,"href":"https:\/\/sinservregional.com.br\/site\/index.php?rest_route=\/wp\/v2\/users\/1"}],"replies":[{"embeddable":true,"href":"https:\/\/sinservregional.com.br\/site\/index.php?rest_route=%2Fwp%2Fv2%2Fcomments&post=2155"}],"version-history":[{"count":0,"href":"https:\/\/sinservregional.com.br\/site\/index.php?rest_route=\/wp\/v2\/posts\/2155\/revisions"}],"wp:attachment":[{"href":"https:\/\/sinservregional.com.br\/site\/index.php?rest_route=%2Fwp%2Fv2%2Fmedia&parent=2155"}],"wp:term":[{"taxonomy":"category","embeddable":true,"href":"https:\/\/sinservregional.com.br\/site\/index.php?rest_route=%2Fwp%2Fv2%2Fcategories&post=2155"},{"taxonomy":"post_tag","embeddable":true,"href":"https:\/\/sinservregional.com.br\/site\/index.php?rest_route=%2Fwp%2Fv2%2Ftags&post=2155"}],"curies":[{"name":"wp","href":"https:\/\/api.w.org\/{rel}","templated":true}]}}