{"id":2145,"date":"2011-12-23T21:10:38","date_gmt":"2011-12-23T21:10:38","guid":{"rendered":"http:\/\/sinservregional.com.br\/site\/?p=2145"},"modified":"2011-12-23T21:10:38","modified_gmt":"2011-12-23T21:10:38","slug":"feliz-natal-2","status":"publish","type":"post","link":"https:\/\/sinservregional.com.br\/site\/?p=2145","title":{"rendered":"Feliz Natal"},"content":{"rendered":"<p><span style=\"line-height: 115%; font-family: 'Verdana','sans-serif'; font-size: 10pt\"><font color=\"#000000\"><\/p>\n<div style=\"text-align: center\"><img loading=\"lazy\" decoding=\"async\" src=\"http:\/\/papel.deparede.com.br\/wp-content\/uploads\/2010\/12\/Feliz-Natal.jpg\" border=\"0\" hspace=\"10\" vspace=\"10\" width=\"350\" height=\"263\" \/><\/div>\n<p align=\"justify\"><span style=\"line-height: 115%; font-family: 'Verdana','sans-serif'; font-size: 10pt\"><font color=\"#000000\">Ao t\u00e9rmino deste ano, onde os sentimentos de f\u00e9 e esperan\u00e7a renovam-se, rogamos a Deus que aben\u00e7oe a\u00a0todos\u00a0e que ilumine nosso caminho, afastando de todos n\u00f3s o pensamento de desesperan\u00e7a e de descr\u00e9dito em nosso semelhante. Tenhamos for\u00e7a e tranquilidade para enfrentarmos as tormentas que h\u00e3o de vir e que os sentimentos de coragem, supera\u00e7\u00e3o e justi\u00e7a possam estar presentes em nossos novos dias. Feliz Natal e Pr\u00f3spero Ano Novo!<\/font><\/span><\/p>\n<p><\/font><\/span><\/p>\n","protected":false},"excerpt":{"rendered":"<p>Ao t\u00e9rmino deste ano, onde os sentimentos de f\u00e9 e esperan\u00e7a renovam-se, rogamos a Deus que aben\u00e7oe a\u00a0todos\u00a0e que ilumine nosso caminho, afastando de todos n\u00f3s o pensamento de desesperan\u00e7a e de descr\u00e9dito em nosso semelhante. Tenhamos for\u00e7a e tranquilidade para enfrentarmos as tormentas que h\u00e3o de vir e que os sentimentos de coragem, supera\u00e7\u00e3o &hellip; <\/p>\n","protected":false},"author":1,"featured_media":0,"comment_status":"open","ping_status":"open","sticky":false,"template":"","format":"standard","meta":{"footnotes":""},"categories":[15],"tags":[],"class_list":["post-2145","post","type-post","status-publish","format-standard","hentry","category-c34-gerais"],"_links":{"self":[{"href":"https:\/\/sinservregional.com.br\/site\/index.php?rest_route=\/wp\/v2\/posts\/2145","targetHints":{"allow":["GET"]}}],"collection":[{"href":"https:\/\/sinservregional.com.br\/site\/index.php?rest_route=\/wp\/v2\/posts"}],"about":[{"href":"https:\/\/sinservregional.com.br\/site\/index.php?rest_route=\/wp\/v2\/types\/post"}],"author":[{"embeddable":true,"href":"https:\/\/sinservregional.com.br\/site\/index.php?rest_route=\/wp\/v2\/users\/1"}],"replies":[{"embeddable":true,"href":"https:\/\/sinservregional.com.br\/site\/index.php?rest_route=%2Fwp%2Fv2%2Fcomments&post=2145"}],"version-history":[{"count":0,"href":"https:\/\/sinservregional.com.br\/site\/index.php?rest_route=\/wp\/v2\/posts\/2145\/revisions"}],"wp:attachment":[{"href":"https:\/\/sinservregional.com.br\/site\/index.php?rest_route=%2Fwp%2Fv2%2Fmedia&parent=2145"}],"wp:term":[{"taxonomy":"category","embeddable":true,"href":"https:\/\/sinservregional.com.br\/site\/index.php?rest_route=%2Fwp%2Fv2%2Fcategories&post=2145"},{"taxonomy":"post_tag","embeddable":true,"href":"https:\/\/sinservregional.com.br\/site\/index.php?rest_route=%2Fwp%2Fv2%2Ftags&post=2145"}],"curies":[{"name":"wp","href":"https:\/\/api.w.org\/{rel}","templated":true}]}}