{"id":2142,"date":"2011-12-19T10:21:23","date_gmt":"2011-12-19T10:21:23","guid":{"rendered":"http:\/\/sinservregional.com.br\/site\/?p=2142"},"modified":"2011-12-19T10:21:23","modified_gmt":"2011-12-19T10:21:23","slug":"coral-municipal-em-especial-de-natal-na-praca-ruy-barbosa","status":"publish","type":"post","link":"https:\/\/sinservregional.com.br\/site\/?p=2142","title":{"rendered":"Coral Municipal em Especial de Natal na Pra\u00e7a Ruy Barbosa"},"content":{"rendered":"<p align=\"justify\"><font color=\"#000000\"><span style=\"font-size: 10pt; font-family: 'Verdana','sans-serif'\"><img loading=\"lazy\" decoding=\"async\" src=\"http:\/\/www.jequie.ba.gov.br\/components\/com_gk2_photoslide\/images\/thumbm\/851369coral2.JPG\" border=\"0\" hspace=\"10\" vspace=\"10\" width=\"257\" height=\"153\" align=\"left\" \/>Dando prosseguimento a Programa\u00e7\u00e3o Cultura de Natal, aconteceu no dia 14 de dezembro a apresenta\u00e7\u00e3o dos dois corais da cidade. Com apenas cinco meses de trabalho, sob a reg\u00eancia do maestro Vankleber Vit\u00f3rio, o Coral Jovem apresentou-se pela primeira vez e encantou o p\u00fablico presente. O Coral Jovem faz parte de projeto desenvolvido pela Prefeitura de Jequi\u00e9 atrav\u00e9s da Secretaria Municipal de Cultura e Turismo. E com<\/span><span style=\"font-size: 10pt; font-family: 'Verdana','sans-serif'\">\u00a0<\/span><span style=\"font-size: 10pt; font-family: 'Verdana','sans-serif'\">quatro anos de exist\u00eancia sobre a reg\u00eancia do maestro Vankleber Vit\u00f3rio, o Coral Municipal Adulto apresentou ao p\u00fablico na Pra\u00e7a Ruy Barbosa o repert\u00f3rio natalino do projeto \u201cO Coral Canta nas Igrejas\u201d. T\u00e9cnica e dedica\u00e7\u00e3o s\u00e3o a marca registrada do Coral que agradou e emocionou o grande publico presente.<\/span><\/font><font face=\"Calibri\" size=\"3\" color=\"#000000\">\u00a0<\/font><\/p>\n","protected":false},"excerpt":{"rendered":"<p>Dando prosseguimento a Programa\u00e7\u00e3o Cultura de Natal, aconteceu no dia 14 de dezembro a apresenta\u00e7\u00e3o dos dois corais da cidade. Com apenas cinco meses de trabalho, sob a reg\u00eancia do maestro Vankleber Vit\u00f3rio, o Coral Jovem apresentou-se pela primeira vez e encantou o p\u00fablico presente. O Coral Jovem faz parte de projeto desenvolvido pela Prefeitura &hellip; <\/p>\n","protected":false},"author":1,"featured_media":0,"comment_status":"open","ping_status":"open","sticky":false,"template":"","format":"standard","meta":{"footnotes":""},"categories":[15],"tags":[],"class_list":["post-2142","post","type-post","status-publish","format-standard","hentry","category-c34-gerais"],"_links":{"self":[{"href":"https:\/\/sinservregional.com.br\/site\/index.php?rest_route=\/wp\/v2\/posts\/2142","targetHints":{"allow":["GET"]}}],"collection":[{"href":"https:\/\/sinservregional.com.br\/site\/index.php?rest_route=\/wp\/v2\/posts"}],"about":[{"href":"https:\/\/sinservregional.com.br\/site\/index.php?rest_route=\/wp\/v2\/types\/post"}],"author":[{"embeddable":true,"href":"https:\/\/sinservregional.com.br\/site\/index.php?rest_route=\/wp\/v2\/users\/1"}],"replies":[{"embeddable":true,"href":"https:\/\/sinservregional.com.br\/site\/index.php?rest_route=%2Fwp%2Fv2%2Fcomments&post=2142"}],"version-history":[{"count":0,"href":"https:\/\/sinservregional.com.br\/site\/index.php?rest_route=\/wp\/v2\/posts\/2142\/revisions"}],"wp:attachment":[{"href":"https:\/\/sinservregional.com.br\/site\/index.php?rest_route=%2Fwp%2Fv2%2Fmedia&parent=2142"}],"wp:term":[{"taxonomy":"category","embeddable":true,"href":"https:\/\/sinservregional.com.br\/site\/index.php?rest_route=%2Fwp%2Fv2%2Fcategories&post=2142"},{"taxonomy":"post_tag","embeddable":true,"href":"https:\/\/sinservregional.com.br\/site\/index.php?rest_route=%2Fwp%2Fv2%2Ftags&post=2142"}],"curies":[{"name":"wp","href":"https:\/\/api.w.org\/{rel}","templated":true}]}}