{"id":2140,"date":"2011-12-19T10:15:03","date_gmt":"2011-12-19T10:15:03","guid":{"rendered":"http:\/\/sinservregional.com.br\/site\/?p=2140"},"modified":"2011-12-19T10:15:03","modified_gmt":"2011-12-19T10:15:03","slug":"entra-em-vigor-novo-prazo-para-atendimento-nos-planos-de-saude","status":"publish","type":"post","link":"https:\/\/sinservregional.com.br\/site\/?p=2140","title":{"rendered":"Entra em vigor novo prazo para atendimento nos planos de sa\u00fade"},"content":{"rendered":"<p align=\"justify\"><span style=\"font-size: 10pt; font-family: 'Verdana','sans-serif'\"><font color=\"#000000\"><img loading=\"lazy\" decoding=\"async\" src=\"http:\/\/www.blogdoserido.com.br\/wp-content\/uploads\/atendimento-de-saude.jpg\" border=\"0\" hspace=\"10\" vspace=\"10\" width=\"255\" height=\"169\" align=\"left\" \/>A partir de hoje (19), benefici\u00e1rios de planos de sa\u00fade n\u00e3o poder\u00e3o esperar mais do que sete dias por uma consulta com especialistas nas \u00e1reas de pediatria,<span class=\"apple-converted-space\">\u00a0cirurgia\u00a0<\/span>geral, ginecologia, obstetr\u00edcia e cl\u00ednica m\u00e9dica. Nas demais especialidades, o prazo ser\u00e1 de at\u00e9 14 dias. Para consultas e sess\u00f5es com fonoaudi\u00f3logos, nutricionistas, psic\u00f3logos, terapeutas<span class=\"apple-converted-space\">\u00a0educacionais\u00a0<\/span>e fisioterapeutas, a espera ser\u00e1 de at\u00e9 dez dias. A entrada em vigor da Resolu\u00e7\u00e3o Normativa 259 estava prevista para setembro deste ano, mas foi adiada pela Ag\u00eancia<span class=\"apple-converted-space\">\u00a0<\/span>Nacional de Sa\u00fade Suplementar (ANS) depois que as operadoras pediram um prazo maior para se adequar \u00e0s regras. A ANS estabeleceu ainda que cada operadora deve oferecer pelo menos um servi\u00e7o ou profissional em cada \u00e1rea contratada. Nos casos de aus\u00eancia de rede assistencial, a operadora ter\u00e1 que garantir o atendimento em um prestador n\u00e3o credenciado no mesmo munic\u00edpio ou o transporte do benefici\u00e1rio at\u00e9 um prestador mais pr\u00f3ximo, assim como o retorno do do paciente para a<span class=\"apple-converted-space\">\u00a0cidade\u00a0<\/span>de origem. <span style=\"font-size: 10pt; font-family: 'Verdana','sans-serif'\">Informa\u00e7\u00f5es do JB<\/span><\/font><\/span><span style=\"font-size: 10pt; line-height: 115%; font-family: 'Verdana','sans-serif'\"><font color=\"#000000\">\u00a0<\/font><\/span><\/p>\n","protected":false},"excerpt":{"rendered":"<p>A partir de hoje (19), benefici\u00e1rios de planos de sa\u00fade n\u00e3o poder\u00e3o esperar mais do que sete dias por uma consulta com especialistas nas \u00e1reas de pediatria,\u00a0cirurgia\u00a0geral, ginecologia, obstetr\u00edcia e cl\u00ednica m\u00e9dica. Nas demais especialidades, o prazo ser\u00e1 de at\u00e9 14 dias. Para consultas e sess\u00f5es com fonoaudi\u00f3logos, nutricionistas, psic\u00f3logos, terapeutas\u00a0educacionais\u00a0e fisioterapeutas, a espera ser\u00e1 &hellip; <\/p>\n","protected":false},"author":1,"featured_media":0,"comment_status":"open","ping_status":"open","sticky":false,"template":"","format":"standard","meta":{"footnotes":""},"categories":[15],"tags":[],"class_list":["post-2140","post","type-post","status-publish","format-standard","hentry","category-c34-gerais"],"_links":{"self":[{"href":"https:\/\/sinservregional.com.br\/site\/index.php?rest_route=\/wp\/v2\/posts\/2140","targetHints":{"allow":["GET"]}}],"collection":[{"href":"https:\/\/sinservregional.com.br\/site\/index.php?rest_route=\/wp\/v2\/posts"}],"about":[{"href":"https:\/\/sinservregional.com.br\/site\/index.php?rest_route=\/wp\/v2\/types\/post"}],"author":[{"embeddable":true,"href":"https:\/\/sinservregional.com.br\/site\/index.php?rest_route=\/wp\/v2\/users\/1"}],"replies":[{"embeddable":true,"href":"https:\/\/sinservregional.com.br\/site\/index.php?rest_route=%2Fwp%2Fv2%2Fcomments&post=2140"}],"version-history":[{"count":0,"href":"https:\/\/sinservregional.com.br\/site\/index.php?rest_route=\/wp\/v2\/posts\/2140\/revisions"}],"wp:attachment":[{"href":"https:\/\/sinservregional.com.br\/site\/index.php?rest_route=%2Fwp%2Fv2%2Fmedia&parent=2140"}],"wp:term":[{"taxonomy":"category","embeddable":true,"href":"https:\/\/sinservregional.com.br\/site\/index.php?rest_route=%2Fwp%2Fv2%2Fcategories&post=2140"},{"taxonomy":"post_tag","embeddable":true,"href":"https:\/\/sinservregional.com.br\/site\/index.php?rest_route=%2Fwp%2Fv2%2Ftags&post=2140"}],"curies":[{"name":"wp","href":"https:\/\/api.w.org\/{rel}","templated":true}]}}