{"id":2133,"date":"2011-12-14T09:25:47","date_gmt":"2011-12-14T09:25:47","guid":{"rendered":"http:\/\/sinservregional.com.br\/site\/?p=2133"},"modified":"2011-12-14T09:25:47","modified_gmt":"2011-12-14T09:25:47","slug":"prefeito-convocara-camara-para-discutir-redas-da-saude","status":"publish","type":"post","link":"https:\/\/sinservregional.com.br\/site\/?p=2133","title":{"rendered":"Prefeito convocar\u00e1 C\u00e2mara para discutir Redas da Sa\u00fade"},"content":{"rendered":"<p align=\"justify\"><span class=\"apple-style-span\"><span style=\"font-size: 10pt; background: white; color: black; line-height: 115%; font-family: 'Verdana','sans-serif'\"><img loading=\"lazy\" decoding=\"async\" src=\"http:\/\/www.jequiereporter.com.br\/blog\/wp-content\/uploads\/2011\/12\/Samu.jpg\" border=\"0\" hspace=\"10\" vspace=\"10\" width=\"258\" height=\"182\" align=\"left\" \/>A Camara de Vereadores de Jequi\u00e9, que est\u00e1 em per\u00edodo de recesso, dever\u00e1 ser convocada extraordin\u00e1riamente, nas pr\u00f3ximas horas, para discuss\u00e3o do projeto de lei do Executivo Municipal, que busca alternativa para a situa\u00e7\u00e3o de um grupo de\u00a0 funcion\u00e1rios do setor de Sa\u00fade, contratados pelo sistema Reda. O prazo de vig\u00eancia desses contratos est\u00e1 se encerrando e, como j\u00e1 houve uma prorroga\u00e7\u00e3o, est\u00e1 sendo proposta uma renova\u00e7\u00e3o em car\u00e1ter emergencial. Um dos setores da administra\u00e7\u00e3o mais atingidos com o t\u00e9rmino da vig\u00eancia desses contratos, \u00e9 o Samu 192. Os funcion\u00e1rios\u00a0 do setor foram submetidos a sele\u00e7\u00e3o p\u00fablica e capacita\u00e7\u00e3o t\u00e9cnica,\u00a0 sendo\u00a0 considerado\u00a0 invi\u00e1vel que venham a ser \u00a0 substitu\u00eddos, sem que tenha sido aberta nova sele\u00e7\u00e3o e treinamento do pessoal aprovado. A mat\u00e9ria dever\u00e1 ser avaliada pelos vereadores. <span class=\"apple-style-span\"><span style=\"font-size: 10pt; background: white; color: black; line-height: 115%; font-family: 'Verdana','sans-serif'\">Informa\u00e7\u00f5es do Jequi\u00e9 Rep\u00f3rter.<\/span><\/span><\/span><\/span><\/p>\n","protected":false},"excerpt":{"rendered":"<p>A Camara de Vereadores de Jequi\u00e9, que est\u00e1 em per\u00edodo de recesso, dever\u00e1 ser convocada extraordin\u00e1riamente, nas pr\u00f3ximas horas, para discuss\u00e3o do projeto de lei do Executivo Municipal, que busca alternativa para a situa\u00e7\u00e3o de um grupo de\u00a0 funcion\u00e1rios do setor de Sa\u00fade, contratados pelo sistema Reda. O prazo de vig\u00eancia desses contratos est\u00e1 se &hellip; <\/p>\n","protected":false},"author":1,"featured_media":0,"comment_status":"open","ping_status":"open","sticky":false,"template":"","format":"standard","meta":{"footnotes":""},"categories":[15],"tags":[],"class_list":["post-2133","post","type-post","status-publish","format-standard","hentry","category-c34-gerais"],"_links":{"self":[{"href":"https:\/\/sinservregional.com.br\/site\/index.php?rest_route=\/wp\/v2\/posts\/2133","targetHints":{"allow":["GET"]}}],"collection":[{"href":"https:\/\/sinservregional.com.br\/site\/index.php?rest_route=\/wp\/v2\/posts"}],"about":[{"href":"https:\/\/sinservregional.com.br\/site\/index.php?rest_route=\/wp\/v2\/types\/post"}],"author":[{"embeddable":true,"href":"https:\/\/sinservregional.com.br\/site\/index.php?rest_route=\/wp\/v2\/users\/1"}],"replies":[{"embeddable":true,"href":"https:\/\/sinservregional.com.br\/site\/index.php?rest_route=%2Fwp%2Fv2%2Fcomments&post=2133"}],"version-history":[{"count":0,"href":"https:\/\/sinservregional.com.br\/site\/index.php?rest_route=\/wp\/v2\/posts\/2133\/revisions"}],"wp:attachment":[{"href":"https:\/\/sinservregional.com.br\/site\/index.php?rest_route=%2Fwp%2Fv2%2Fmedia&parent=2133"}],"wp:term":[{"taxonomy":"category","embeddable":true,"href":"https:\/\/sinservregional.com.br\/site\/index.php?rest_route=%2Fwp%2Fv2%2Fcategories&post=2133"},{"taxonomy":"post_tag","embeddable":true,"href":"https:\/\/sinservregional.com.br\/site\/index.php?rest_route=%2Fwp%2Fv2%2Ftags&post=2133"}],"curies":[{"name":"wp","href":"https:\/\/api.w.org\/{rel}","templated":true}]}}