{"id":2118,"date":"2011-12-02T08:55:40","date_gmt":"2011-12-02T08:55:40","guid":{"rendered":"http:\/\/sinservregional.com.br\/site\/?p=2118"},"modified":"2011-12-02T08:55:40","modified_gmt":"2011-12-02T08:55:40","slug":"sinserv-audiencias-e-assembleias-movimentam-a-regional","status":"publish","type":"post","link":"https:\/\/sinservregional.com.br\/site\/?p=2118","title":{"rendered":"SINSERV: Audi\u00eancias e assembleias movimentam a regional"},"content":{"rendered":"<p><img loading=\"lazy\" decoding=\"async\" src=\"http:\/\/4.bp.blogspot.com\/-TrVyJWs2aHs\/TfErip8CybI\/AAAAAAAABCc\/e92qpvxd8Zk\/s1600\/Logo%2BSINSERV.jpg\" border=\"0\" hspace=\"10\" vspace=\"10\" width=\"253\" height=\"120\" align=\"left\" \/><\/p>\n<p style=\"text-align: justify\" class=\"MsoNormal\"><span style=\"font-size: 10pt; line-height: 115%; font-family: Verdana, sans-serif\"><font class=\"Apple-style-span\" color=\"#000000\">O Sindicato dos Servidores P\u00fablicos Municipais de Jequi\u00e9 e Regi\u00e3o (SINSERV) \u2013 estar\u00e1, juntamente com os servidores do munic\u00edpio de Apuarema, hoje, sexta-feira, 02 de dezembro de 2011, em uma audi\u00eancia no F\u00f3rum de Jaguaquara, referente a processos trabalhistas movido contra a prefeitura de Apurema. A presidente do sindicato, Maria Neide e a diretora do jur\u00eddico, Zene Sampaio, acompanhar\u00e3o os servidores durante a sess\u00e3o. O in\u00edcio da audi\u00eancia est\u00e1 marcada para \u00e0s 12h15m, com t\u00e9rmino previsto \u00e0s 17h15m. Ainda hoje, \u00e0s 10 horas, os diretores de organiza\u00e7\u00e3o sindical, Gerson Viomario, Ven\u00edcio Lucena e o diretor financeiro, Luciano Docio, participar\u00e3o de uma assembleia geral em Barra do Rocha, para definir os rumos do movimento sindical no munic\u00edpio, referente ao n\u00e3o cumprimento do prefeito ante acordo feito no Minist\u00e9rio P\u00fablico de quitar os sal\u00e1rios atrasados dos trabalhadores do munic\u00edpio. A noite, em Ititu\u00e7u, assembleia geral com servidores do munic\u00edpio para tratar das elei\u00e7\u00f5es sindicais.\u00a0<\/font><\/span><span style=\"font-family: Verdana, sans-serif; font-size: 13px; line-height: 14px\" class=\"Apple-style-span\"><font class=\"Apple-style-span\" color=\"#000000\">SINSERV \u2013 20 anos de lutas e conquistas.<\/font><\/span><\/p>\n<p style=\"text-align: justify\" class=\"MsoNormal\">\u00a0<\/p>\n","protected":false},"excerpt":{"rendered":"<p>O Sindicato dos Servidores P\u00fablicos Municipais de Jequi\u00e9 e Regi\u00e3o (SINSERV) \u2013 estar\u00e1, juntamente com os servidores do munic\u00edpio de Apuarema, hoje, sexta-feira, 02 de dezembro de 2011, em uma audi\u00eancia no F\u00f3rum de Jaguaquara, referente a processos trabalhistas movido contra a prefeitura de Apurema. A presidente do sindicato, Maria Neide e a diretora do &hellip; <\/p>\n","protected":false},"author":1,"featured_media":0,"comment_status":"open","ping_status":"open","sticky":false,"template":"","format":"standard","meta":{"footnotes":""},"categories":[15],"tags":[],"class_list":["post-2118","post","type-post","status-publish","format-standard","hentry","category-c34-gerais"],"_links":{"self":[{"href":"https:\/\/sinservregional.com.br\/site\/index.php?rest_route=\/wp\/v2\/posts\/2118","targetHints":{"allow":["GET"]}}],"collection":[{"href":"https:\/\/sinservregional.com.br\/site\/index.php?rest_route=\/wp\/v2\/posts"}],"about":[{"href":"https:\/\/sinservregional.com.br\/site\/index.php?rest_route=\/wp\/v2\/types\/post"}],"author":[{"embeddable":true,"href":"https:\/\/sinservregional.com.br\/site\/index.php?rest_route=\/wp\/v2\/users\/1"}],"replies":[{"embeddable":true,"href":"https:\/\/sinservregional.com.br\/site\/index.php?rest_route=%2Fwp%2Fv2%2Fcomments&post=2118"}],"version-history":[{"count":0,"href":"https:\/\/sinservregional.com.br\/site\/index.php?rest_route=\/wp\/v2\/posts\/2118\/revisions"}],"wp:attachment":[{"href":"https:\/\/sinservregional.com.br\/site\/index.php?rest_route=%2Fwp%2Fv2%2Fmedia&parent=2118"}],"wp:term":[{"taxonomy":"category","embeddable":true,"href":"https:\/\/sinservregional.com.br\/site\/index.php?rest_route=%2Fwp%2Fv2%2Fcategories&post=2118"},{"taxonomy":"post_tag","embeddable":true,"href":"https:\/\/sinservregional.com.br\/site\/index.php?rest_route=%2Fwp%2Fv2%2Ftags&post=2118"}],"curies":[{"name":"wp","href":"https:\/\/api.w.org\/{rel}","templated":true}]}}