{"id":2113,"date":"2011-11-29T11:19:09","date_gmt":"2011-11-29T11:19:09","guid":{"rendered":"http:\/\/sinservregional.com.br\/site\/?p=2113"},"modified":"2011-11-29T11:19:09","modified_gmt":"2011-11-29T11:19:09","slug":"alunas-do-projovem-adolescente-de-jequie-conquistam-campeonato-baiano-de-futsal","status":"publish","type":"post","link":"https:\/\/sinservregional.com.br\/site\/?p=2113","title":{"rendered":"Alunas do Projovem Adolescente de Jequi\u00e9 conquistam Campeonato Baiano de Futsal"},"content":{"rendered":"<p align=\"justify\"><span style=\"font-family: 'Verdana','sans-serif'; color: black; font-size: 10pt\"><img loading=\"lazy\" decoding=\"async\" src=\"http:\/\/www.jequie.ba.gov.br\/components\/com_gk2_photoslide\/images\/thumbm\/921119Jequi___Futsal_feminino_2011333.JPG\" border=\"0\" hspace=\"10\" vspace=\"10\" width=\"257\" height=\"158\" align=\"left\" \/>A equipe do Jequi\u00e9 Esporte Clube, composta por alunas do ProJovem Adolescente, conquistou o primeiro Campeonato Baiano de Futsal Feminino Sub 17, evento organizado pela FBFS \u2013 Federa\u00e7\u00e3o Baiana de Futsal. A competi\u00e7\u00e3o foi realizada no SESC (Servi\u00e7o Social do Com\u00e9rcio), no domingo (27\/11\/2011). Com o t\u00edtulo, Jequi\u00e9 garante vaga na 5\u00aa Ta\u00e7a Brasil de Futsal Feminino Sub 17, representado o estado da Bahia, no ano que vem. A equipe de Jequi\u00e9 \u00e9 comandada por Emanuel Campos Silva (Tinho).<\/span><span style=\"font-family: 'Tahoma','sans-serif'; color: black; font-size: 10pt\">\u00a0<\/span><\/p>\n","protected":false},"excerpt":{"rendered":"<p>A equipe do Jequi\u00e9 Esporte Clube, composta por alunas do ProJovem Adolescente, conquistou o primeiro Campeonato Baiano de Futsal Feminino Sub 17, evento organizado pela FBFS \u2013 Federa\u00e7\u00e3o Baiana de Futsal. A competi\u00e7\u00e3o foi realizada no SESC (Servi\u00e7o Social do Com\u00e9rcio), no domingo (27\/11\/2011). Com o t\u00edtulo, Jequi\u00e9 garante vaga na 5\u00aa Ta\u00e7a Brasil de &hellip; <\/p>\n","protected":false},"author":1,"featured_media":0,"comment_status":"open","ping_status":"open","sticky":false,"template":"","format":"standard","meta":{"footnotes":""},"categories":[15],"tags":[],"class_list":["post-2113","post","type-post","status-publish","format-standard","hentry","category-c34-gerais"],"_links":{"self":[{"href":"https:\/\/sinservregional.com.br\/site\/index.php?rest_route=\/wp\/v2\/posts\/2113","targetHints":{"allow":["GET"]}}],"collection":[{"href":"https:\/\/sinservregional.com.br\/site\/index.php?rest_route=\/wp\/v2\/posts"}],"about":[{"href":"https:\/\/sinservregional.com.br\/site\/index.php?rest_route=\/wp\/v2\/types\/post"}],"author":[{"embeddable":true,"href":"https:\/\/sinservregional.com.br\/site\/index.php?rest_route=\/wp\/v2\/users\/1"}],"replies":[{"embeddable":true,"href":"https:\/\/sinservregional.com.br\/site\/index.php?rest_route=%2Fwp%2Fv2%2Fcomments&post=2113"}],"version-history":[{"count":0,"href":"https:\/\/sinservregional.com.br\/site\/index.php?rest_route=\/wp\/v2\/posts\/2113\/revisions"}],"wp:attachment":[{"href":"https:\/\/sinservregional.com.br\/site\/index.php?rest_route=%2Fwp%2Fv2%2Fmedia&parent=2113"}],"wp:term":[{"taxonomy":"category","embeddable":true,"href":"https:\/\/sinservregional.com.br\/site\/index.php?rest_route=%2Fwp%2Fv2%2Fcategories&post=2113"},{"taxonomy":"post_tag","embeddable":true,"href":"https:\/\/sinservregional.com.br\/site\/index.php?rest_route=%2Fwp%2Fv2%2Ftags&post=2113"}],"curies":[{"name":"wp","href":"https:\/\/api.w.org\/{rel}","templated":true}]}}