{"id":2102,"date":"2011-11-25T11:07:47","date_gmt":"2011-11-25T11:07:47","guid":{"rendered":"http:\/\/sinservregional.com.br\/site\/?p=2102"},"modified":"2011-11-25T11:07:47","modified_gmt":"2011-11-25T11:07:47","slug":"aprovado-reajuste-de-75-para-professores-do-estado","status":"publish","type":"post","link":"https:\/\/sinservregional.com.br\/site\/?p=2102","title":{"rendered":"Aprovado reajuste de 7,5% para professores do estado"},"content":{"rendered":"<p align=\"justify\"><span style=\"font-family: 'Verdana','sans-serif'; color: #333333; font-size: 10pt\"><img loading=\"lazy\" decoding=\"async\" src=\"http:\/\/www.atarde.com.br\/arquivos\/2011\/11\/250039.jpg\" border=\"0\" hspace=\"10\" vspace=\"10\" width=\"258\" height=\"182\" align=\"left\" \/><font color=\"#000000\">Um acordo de lideran\u00e7as do governo e oposi\u00e7\u00e3o, resultou na aprova\u00e7\u00e3o por unanimidade na sess\u00e3o de quinta-feira (24). do projeto que reajusta em 7,5% o sal\u00e1rio dos professores estaduais.\u00a0 A bancada do governo contou com a participa\u00e7\u00e3o de 42 deputados, al\u00e9m dos 7 de oposi\u00e7\u00e3o, totalizando 49 presentes. O projeto deve alterar a estrutura de remunera\u00e7\u00e3o dos professores e coordenadores pedag\u00f3gicos do ensino fundamental e m\u00e9dio na rede p\u00fablica estadual. Al\u00e9m do aumento foi aprovada tamb\u00e9m a proposi\u00e7\u00e3o que tem como objetivo ampliar o leque de atua\u00e7\u00e3o do Centro Industrial de Suba\u00e9, a partir da inclus\u00e3o das atividades comerciais e de presta\u00e7\u00e3o de servi\u00e7os. O reajuste \u00e9 retroativo a 1\u00ba de janeiro de 2011 e \u00a0vai constar na folha de pagamento de novembro e incide sobre o 13\u00ba sal\u00e1rio deste ano. Os professores estaduais fizeram press\u00e3o para aprova\u00e7\u00e3o do projeto e \u00a0amea\u00e7avam entrar em greve no in\u00edcio do ano letivo de 2012. <span style=\"line-height: 115%; font-family: 'Verdana','sans-serif'; font-size: 10pt\">Informa\u00e7\u00f5es do Jequi\u00e9 Rep\u00f3rter.<\/span><\/font><\/span><font face=\"Calibri\" size=\"3\" color=\"#000000\">\u00a0<\/font><\/p>\n","protected":false},"excerpt":{"rendered":"<p>Um acordo de lideran\u00e7as do governo e oposi\u00e7\u00e3o, resultou na aprova\u00e7\u00e3o por unanimidade na sess\u00e3o de quinta-feira (24). do projeto que reajusta em 7,5% o sal\u00e1rio dos professores estaduais.\u00a0 A bancada do governo contou com a participa\u00e7\u00e3o de 42 deputados, al\u00e9m dos 7 de oposi\u00e7\u00e3o, totalizando 49 presentes. O projeto deve alterar a estrutura de &hellip; <\/p>\n","protected":false},"author":1,"featured_media":0,"comment_status":"open","ping_status":"open","sticky":false,"template":"","format":"standard","meta":{"footnotes":""},"categories":[15],"tags":[],"class_list":["post-2102","post","type-post","status-publish","format-standard","hentry","category-c34-gerais"],"_links":{"self":[{"href":"https:\/\/sinservregional.com.br\/site\/index.php?rest_route=\/wp\/v2\/posts\/2102","targetHints":{"allow":["GET"]}}],"collection":[{"href":"https:\/\/sinservregional.com.br\/site\/index.php?rest_route=\/wp\/v2\/posts"}],"about":[{"href":"https:\/\/sinservregional.com.br\/site\/index.php?rest_route=\/wp\/v2\/types\/post"}],"author":[{"embeddable":true,"href":"https:\/\/sinservregional.com.br\/site\/index.php?rest_route=\/wp\/v2\/users\/1"}],"replies":[{"embeddable":true,"href":"https:\/\/sinservregional.com.br\/site\/index.php?rest_route=%2Fwp%2Fv2%2Fcomments&post=2102"}],"version-history":[{"count":0,"href":"https:\/\/sinservregional.com.br\/site\/index.php?rest_route=\/wp\/v2\/posts\/2102\/revisions"}],"wp:attachment":[{"href":"https:\/\/sinservregional.com.br\/site\/index.php?rest_route=%2Fwp%2Fv2%2Fmedia&parent=2102"}],"wp:term":[{"taxonomy":"category","embeddable":true,"href":"https:\/\/sinservregional.com.br\/site\/index.php?rest_route=%2Fwp%2Fv2%2Fcategories&post=2102"},{"taxonomy":"post_tag","embeddable":true,"href":"https:\/\/sinservregional.com.br\/site\/index.php?rest_route=%2Fwp%2Fv2%2Ftags&post=2102"}],"curies":[{"name":"wp","href":"https:\/\/api.w.org\/{rel}","templated":true}]}}