{"id":2098,"date":"2011-11-24T09:48:14","date_gmt":"2011-11-24T09:48:14","guid":{"rendered":"http:\/\/sinservregional.com.br\/site\/?p=2098"},"modified":"2011-11-24T09:48:14","modified_gmt":"2011-11-24T09:48:14","slug":"camara-de-vereadores-homenageara-a-uesb-pelos-30-anos-de-fundacao","status":"publish","type":"post","link":"https:\/\/sinservregional.com.br\/site\/?p=2098","title":{"rendered":"C\u00e2mara de Vereadores homenagear\u00e1 a Uesb pelos 30 anos de funda\u00e7\u00e3o"},"content":{"rendered":"<p align=\"justify\"><span style=\"font-family: 'Verdana','sans-serif'; color: black; font-size: 10pt\"><img loading=\"lazy\" decoding=\"async\" src=\"http:\/\/www.jequiereporter.com.br\/blog\/wp-content\/uploads\/2011\/11\/30-anos-UESB1.jpg\" border=\"0\" hspace=\"10\" vspace=\"10\" width=\"255\" height=\"273\" align=\"left\" \/>Dando sequencia a s\u00e9rie de homenagens que vem sendo realizadas neste m\u00eas de novembro, pelo transcurso dos 30 anos de funda\u00e7\u00e3o da Universidade Estadual do Sudoeste da Bahia-Uesb, a C\u00e2mara de Vereadores de Jequi\u00e9, atendendo proposi\u00e7\u00e3o do vereador e presidente da Casa, Ednael Almeida (PSD), tem agendada para 19h de segunda-feira (28), sess\u00e3o especial com id\u00eantico prop\u00f3sito. Na segunda-feira passada, 21, os 30 anos da Uesb, foi comemorado em sess\u00e3o especial da Assembleia Legislativa da Bahia, proposta pelo deputado estadual Euclides Fernandes (PDT).<\/span> <\/p>\n<p> <!--more--> <\/p>\n<p align=\"justify\"><span style=\"font-family: 'Verdana','sans-serif'; color: black; font-size: 10pt\">Na ter\u00e7a-feira (22), no audit\u00f3rio Wally Salom\u00e3o, campus de Jequi\u00e9, a Reitoria da Uesb, promoveu cerim\u00f4nia para comemora\u00e7\u00e3o da data, prestando homenagens a docentes e funcion\u00e1rios que fizeram parte dessa trajet\u00f3ria de tr\u00eas d\u00e9cadas da institui\u00e7\u00e3o.<\/span><\/p>\n<p align=\"justify\"><span style=\"font-family: 'Verdana','sans-serif'; color: black; font-size: 10pt\">O Reitor Paulo Roberto Pinto dos Santos, dirigiu os trabalhos, ladeado pelo vice-reitor Jos\u00e9 Luiz Rech, o vice-prefeito de Jequi\u00e9, Eduardo Lopes, presidente do Conselho Comunit\u00e1rio, Maur\u00edcio Cavalcante, e o professor Reinaldo Pinheiro, representando o deputado Euclides Fernandes. <\/span><\/p>\n<p align=\"justify\"><span style=\"font-family: 'Verdana','sans-serif'; color: black; font-size: 10pt\">Um v\u00eddeo institucional foi exibido com depoimentos de profissionais de cada departamento da institui\u00e7\u00e3o, tendo sido registrado o reconhecimento pelo papel desempenhado pelo professor Milton de Almeida Rabelo na constru\u00e7\u00e3o da Uesb em Jequi\u00e9, al\u00e9m da homenagem da refer\u00eancia ao professor doutor Manoel Sarmento, falecido em 2010.<\/span><\/p>\n<p align=\"justify\"><span style=\"font-family: 'Verdana','sans-serif'; color: black; font-size: 10pt\">Um dos momentos mais emocionantes foi quando ao receber a men\u00e7\u00e3o honrosa de toda a comunidade uesbiana, a professora doutora Ana Ang\u00e9lica Barbosa fez uma homenagem \u201cin memoriam\u201d aos professores Edson Cardoso Reis e Wilson Rocha de Almeida Filho.<\/span><\/p>\n<p align=\"justify\"><span style=\"font-family: 'Verdana','sans-serif'; color: black; font-size: 10pt\">Tamb\u00e9m a professora Maria Jos\u00e9 dos Santos, uma das fundadoras do curso de enfermagem e recentemente aposentada, recebeu carinhosa homenagem de um grupo de alunos, professores e amigos, recebendo cerca de 30 bot\u00f5es de rosas vermelhas, uma can\u00e7\u00e3o entoada pelo grupo, com direito a uma faixa alusiva ao seu amor pelo E.C.Bahia.\u00a0<span style=\"line-height: 115%; font-family: 'Verdana','sans-serif'; color: black; font-size: 10pt\">Informa\u00e7\u00f5es do Jequi\u00e9 Rep\u00f3rter.<\/span><\/span><span style=\"color: black\"><font face=\"Calibri\" size=\"3\">\u00a0<\/font><\/span><\/p>\n","protected":false},"excerpt":{"rendered":"<p>Dando sequencia a s\u00e9rie de homenagens que vem sendo realizadas neste m\u00eas de novembro, pelo transcurso dos 30 anos de funda\u00e7\u00e3o da Universidade Estadual do Sudoeste da Bahia-Uesb, a C\u00e2mara de Vereadores de Jequi\u00e9, atendendo proposi\u00e7\u00e3o do vereador e presidente da Casa, Ednael Almeida (PSD), tem agendada para 19h de segunda-feira (28), sess\u00e3o especial com &hellip; <\/p>\n","protected":false},"author":1,"featured_media":0,"comment_status":"open","ping_status":"open","sticky":false,"template":"","format":"standard","meta":{"footnotes":""},"categories":[15],"tags":[],"class_list":["post-2098","post","type-post","status-publish","format-standard","hentry","category-c34-gerais"],"_links":{"self":[{"href":"https:\/\/sinservregional.com.br\/site\/index.php?rest_route=\/wp\/v2\/posts\/2098","targetHints":{"allow":["GET"]}}],"collection":[{"href":"https:\/\/sinservregional.com.br\/site\/index.php?rest_route=\/wp\/v2\/posts"}],"about":[{"href":"https:\/\/sinservregional.com.br\/site\/index.php?rest_route=\/wp\/v2\/types\/post"}],"author":[{"embeddable":true,"href":"https:\/\/sinservregional.com.br\/site\/index.php?rest_route=\/wp\/v2\/users\/1"}],"replies":[{"embeddable":true,"href":"https:\/\/sinservregional.com.br\/site\/index.php?rest_route=%2Fwp%2Fv2%2Fcomments&post=2098"}],"version-history":[{"count":0,"href":"https:\/\/sinservregional.com.br\/site\/index.php?rest_route=\/wp\/v2\/posts\/2098\/revisions"}],"wp:attachment":[{"href":"https:\/\/sinservregional.com.br\/site\/index.php?rest_route=%2Fwp%2Fv2%2Fmedia&parent=2098"}],"wp:term":[{"taxonomy":"category","embeddable":true,"href":"https:\/\/sinservregional.com.br\/site\/index.php?rest_route=%2Fwp%2Fv2%2Fcategories&post=2098"},{"taxonomy":"post_tag","embeddable":true,"href":"https:\/\/sinservregional.com.br\/site\/index.php?rest_route=%2Fwp%2Fv2%2Ftags&post=2098"}],"curies":[{"name":"wp","href":"https:\/\/api.w.org\/{rel}","templated":true}]}}