{"id":2087,"date":"2011-11-23T09:07:54","date_gmt":"2011-11-23T09:07:54","guid":{"rendered":"http:\/\/sinservregional.com.br\/site\/?p=2087"},"modified":"2011-11-23T09:07:54","modified_gmt":"2011-11-23T09:07:54","slug":"pedido-de-suplementacao-devera-entrar-em-pauta-na-proxima-semana","status":"publish","type":"post","link":"https:\/\/sinservregional.com.br\/site\/?p=2087","title":{"rendered":"Pedido de suplementa\u00e7\u00e3o dever\u00e1 entrar em pauta na pr\u00f3xima semana"},"content":{"rendered":"<p align=\"justify\"><span style=\"font-family: 'Verdana','sans-serif'; color: black; font-size: 10pt\"><img loading=\"lazy\" decoding=\"async\" src=\"http:\/\/www.jequiereporter.com.br\/blog\/wp-content\/uploads\/2011\/11\/Jo\u00e3o-Cunha.jpg\" border=\"0\" hspace=\"10\" vspace=\"10\" width=\"251\" height=\"178\" align=\"left\" \/>O projeto de lei 17\/2011, encaminhado a C\u00e2mara Municipal, pelo prefeito Luiz Amaral, com data de 1\u00ba de agosto passado, pedindo autoriza\u00e7\u00e3o para uma nova suplementa\u00e7\u00e3o no Or\u00e7amento Programa do munic\u00edpio de Jequi\u00e9 no exerc\u00eddio de 2011, na ordem de 30%,\u00a0 n\u00e3o entrou em pauta na sess\u00e3o de ter\u00e7a-feira (23). O vereador Jo\u00e3o Cunha, da Comiss\u00e3o de Finan\u00e7as, pediu vistas do processo. Provavelmente na pr\u00f3xima ter\u00e7a-feira (27), ap\u00f3s acordo entre as bancadas de situa\u00e7\u00e3o e oposi\u00e7\u00e3o, a mat\u00e9ria dever\u00e1 ser submetida a aprecia\u00e7\u00e3o dos vereadores.<\/span><span style=\"line-height: 115%; font-family: 'Verdana','sans-serif'; color: black; font-size: 10pt\">\u00a0<\/span><\/p>\n","protected":false},"excerpt":{"rendered":"<p>O projeto de lei 17\/2011, encaminhado a C\u00e2mara Municipal, pelo prefeito Luiz Amaral, com data de 1\u00ba de agosto passado, pedindo autoriza\u00e7\u00e3o para uma nova suplementa\u00e7\u00e3o no Or\u00e7amento Programa do munic\u00edpio de Jequi\u00e9 no exerc\u00eddio de 2011, na ordem de 30%,\u00a0 n\u00e3o entrou em pauta na sess\u00e3o de ter\u00e7a-feira (23). O vereador Jo\u00e3o Cunha, da &hellip; <\/p>\n","protected":false},"author":1,"featured_media":0,"comment_status":"open","ping_status":"open","sticky":false,"template":"","format":"standard","meta":{"footnotes":""},"categories":[15],"tags":[],"class_list":["post-2087","post","type-post","status-publish","format-standard","hentry","category-c34-gerais"],"_links":{"self":[{"href":"https:\/\/sinservregional.com.br\/site\/index.php?rest_route=\/wp\/v2\/posts\/2087","targetHints":{"allow":["GET"]}}],"collection":[{"href":"https:\/\/sinservregional.com.br\/site\/index.php?rest_route=\/wp\/v2\/posts"}],"about":[{"href":"https:\/\/sinservregional.com.br\/site\/index.php?rest_route=\/wp\/v2\/types\/post"}],"author":[{"embeddable":true,"href":"https:\/\/sinservregional.com.br\/site\/index.php?rest_route=\/wp\/v2\/users\/1"}],"replies":[{"embeddable":true,"href":"https:\/\/sinservregional.com.br\/site\/index.php?rest_route=%2Fwp%2Fv2%2Fcomments&post=2087"}],"version-history":[{"count":0,"href":"https:\/\/sinservregional.com.br\/site\/index.php?rest_route=\/wp\/v2\/posts\/2087\/revisions"}],"wp:attachment":[{"href":"https:\/\/sinservregional.com.br\/site\/index.php?rest_route=%2Fwp%2Fv2%2Fmedia&parent=2087"}],"wp:term":[{"taxonomy":"category","embeddable":true,"href":"https:\/\/sinservregional.com.br\/site\/index.php?rest_route=%2Fwp%2Fv2%2Fcategories&post=2087"},{"taxonomy":"post_tag","embeddable":true,"href":"https:\/\/sinservregional.com.br\/site\/index.php?rest_route=%2Fwp%2Fv2%2Ftags&post=2087"}],"curies":[{"name":"wp","href":"https:\/\/api.w.org\/{rel}","templated":true}]}}