{"id":2,"date":"2009-04-28T00:00:00","date_gmt":"2009-04-28T00:00:00","guid":{"rendered":"http:\/\/sinservregional.com.br\/site\/?p=2"},"modified":"2009-04-28T00:00:00","modified_gmt":"2009-04-28T00:00:00","slug":"ato-de-protesto","status":"publish","type":"post","link":"https:\/\/sinservregional.com.br\/site\/?p=2","title":{"rendered":"ATO DE PROTESTO"},"content":{"rendered":"<p>     Normal   0         21         false   false   false      PT-BR   X-NONE   X-NONE                                                     MicrosoftInternetExplorer4                                                                                                                                                                                                                                                                                                                                                                                                                                                                                        \/* Style Definitions *\/  table.MsoNormalTable \t{mso-style-name:&#8221;Tabela normal&#8221;; \tmso-tstyle-rowband-size:0; \tmso-tstyle-colband-size:0; \tmso-style-noshow:yes; \tmso-style-priority:99; \tmso-style-qformat:yes; \tmso-style-parent:&#8221;&#8221;; \tmso-padding-alt:0cm 5.4pt 0cm 5.4pt; \tmso-para-margin-top:0cm; \tmso-para-margin-right:0cm; \tmso-para-margin-bottom:10.0pt; \tmso-para-margin-left:0cm; \tline-height:115%; \tmso-pagination:widow-orphan; \tfont-size:11.0pt; \tfont-family:&#8221;Calibri&#8221;,&#8221;sans-serif&#8221;; \tmso-ascii-font-family:Calibri; \tmso-ascii-theme-font:minor-latin; \tmso-fareast-font-family:&#8221;Times New Roman&#8221;; \tmso-fareast-theme-font:minor-fareast; \tmso-hansi-font-family:Calibri; \tmso-hansi-theme-font:minor-latin;}              <\/p>\n<p style=\"text-align: justify\" class=\"MsoNormal\"><font face=\"verdana,geneva\" color=\"#000000\"><span style=\"font-size: 10pt; line-height: 115%; font-family: 'Verdana','sans-serif'\">O ataque sistem\u00e1tico da administra\u00e7\u00e3o municipal aos seus servidores efetivos levou<span>\u00a0 <\/span>esta categoria<span>\u00a0 <\/span>a<span>\u00a0 <\/span>se manifestar<span>\u00a0 <\/span>e<span>\u00a0 <\/span>exigir<span>\u00a0 <\/span>uma mudan\u00e7a<span>\u00a0 <\/span>na<span>\u00a0 <\/span>pol\u00edtica<span>\u00a0 <\/span>administrativa<span>\u00a0 <\/span>do<span>\u00a0 <\/span>prefeito<span>\u00a0 <\/span>Luis Amaral. N\u00e3o sabemos o motivo, mas, os servidores n\u00e3o est\u00e3o sendo tratados com o devido respeito;<span>\u00a0 <\/span>tal<span>\u00a0 <\/span>conduta,<span>\u00a0 <\/span>fere<span>\u00a0 <\/span>e<span>\u00a0 <\/span>afronta<span>\u00a0 <\/span>garantias<span>\u00a0 <\/span>fundamentais<span>\u00a0 <\/span>previstas<span>\u00a0 <\/span>na<span>\u00a0 <\/span>Constitui\u00e7\u00e3o Brasileira. Ao comprometer em, pelo menos, 90\/ dos sal\u00e1rios de mais de 300<span>\u00a0 <\/span>trabalhadores com descontos de<span>\u00a0 <\/span>conv\u00eanios,<span>\u00a0 <\/span>a<span>\u00a0 <\/span>administra\u00e7\u00e3o<span>\u00a0 <\/span>leva os mesmos e <span>\u00a0<\/span>seus<span>\u00a0 <\/span>familiares<span>\u00a0 <\/span>a passarem FOME. Sem condi\u00e7\u00f5es de se alimentarem, a sa\u00edda tem sido (para alguns), recorrer ao lix\u00e3o da cidade. Nada mais humilhante!<\/p>\n<p>Outro detalhe a ser<span>\u00a0 <\/span>reparado, diz<span>\u00a0 <\/span>respeito \u00e0 \u201cregulamenta\u00e7\u00e3o\u201d e o aumento da<span>\u00a0 <\/span>jornada de trabalho atrav\u00e9s de of\u00edcios de orienta\u00e7\u00e3o, decretos e portarias.<span>\u00a0 <\/span>Enquanto os servidores t\u00eam seus pacos<span>\u00a0 <\/span>benef\u00edcios<span>\u00a0 <\/span>execrados,<span>\u00a0 <\/span>a<span>\u00a0 <\/span>prefeitura<span>\u00a0 <\/span>contrata<span>\u00a0 <\/span>por<span>\u00a0 <\/span>tempo<span>\u00a0 <\/span>determinado,<span>\u00a0 <\/span>outros profissionais<span>\u00a0 <\/span>(sem<span>\u00a0 <\/span>sele\u00e7\u00e3o<span>\u00a0 <\/span>p\u00fablica)<span>\u00a0 <\/span>oferecendo-lhes<span>\u00a0 <\/span>melhores<span>\u00a0 <\/span>sal\u00e1rios.<span>\u00a0 <\/span>\u00c9 o<span>\u00a0 <\/span>caso<span>\u00a0 <\/span>da<span>\u00a0 <\/span>\u00e1rea medica, dos profissionais de<span>\u00a0 <\/span>raio-x e dos profissionais da \u00e1rea administrativa. Outro fato \u00e9 a nomea\u00e7\u00e3o de particulares em substitui\u00e7\u00e3o a exonera\u00e7\u00e3o de servidores efetivos que ocupavam Cargos de Confian\u00e7a, salientando que, em muitos casos, esses contratados n\u00e3o cumprem com suas devidas fun\u00e7\u00f5es, ou seja, est\u00e3o recebendo sal\u00e1rio indevidamente.<span> <\/span><\/p>\n<p>Em v\u00e1rios setores da administra\u00e7\u00e3o municipal o direito a frui\u00e7\u00e3o de f\u00e9rias est\u00e1 sendo negado.<\/p>\n<p>Os<span>\u00a0 <\/span>trabalhadores<span>\u00a0 <\/span>que<span>\u00a0 <\/span>conseguem<span>\u00a0 <\/span>gozar<span>\u00a0 <\/span>das<span>\u00a0 <\/span>mesmas,<span>\u00a0 <\/span>n\u00e3o<span>\u00a0 <\/span>est\u00e3o<span>\u00a0 <\/span>recebendo<span>\u00a0 <\/span>o<span>\u00a0 <\/span>pagamento adicional.<span>\u00a0 <\/span>Sem falar da atitude autorit\u00e1ria de suspender o pagamento<span>\u00a0 <\/span>do<span>\u00a0 <\/span>adicional<span>\u00a0 <\/span>de insalubridade<span>\u00a0 <\/span>de<span>\u00a0 <\/span>v\u00e1rios<span>\u00a0 <\/span>trabalhadores<span>\u00a0 <\/span>das<span>\u00a0 <\/span>Secretaras<span>\u00a0 <\/span>de<span>\u00a0 <\/span>Infra-estrutura<span>\u00a0 <\/span>e<span>\u00a0 <\/span>Servi\u00e7os<span>\u00a0 <\/span>P\u00fablicos, entre outras.<span>\u00a0\u00a0 <\/span>Quanto \u00e0 aterrorizante epidemia de DENGUE: preferimos n\u00e3o comentar. Diante de tamanha calamidade e desrespeito, falta-nos at\u00e9 argumento.<span>\u00a0 <\/p>\n<p><\/span>O Sindsmuje, juntamente com a Associa\u00e7\u00e3o dos Agentes<span>\u00a0 <\/span>de<span>\u00a0 <\/span>Endemias,<span>\u00a0 <\/span>ingressou com pedido de<span>\u00a0 <\/span>investiga\u00e7\u00e3o no Minist\u00e9rio P\u00fablico. Precisamos identificar e punir os respons\u00e1veis.<span>\u00a0 <\/span><\/p>\n<p>Os servidores efetivos exigem respeito e a apura\u00e7\u00e3o da responsabilidade pela EPIDEMIA de DENGUE em Jequi\u00e9. <\/span><\/font><\/p>\n<p style=\"text-align: justify\" class=\"MsoNormal\"><font color=\"#000000\"><strong><span style=\"font-size: 10pt; line-height: 115%; font-family: 'Verdana','sans-serif'\"><font face=\"verdana,geneva\">Exigimos concurso p\u00fablico!<\/font><\/span><\/strong><\/font><\/p>\n<p style=\"text-align: justify\" class=\"MsoNormal\">\u00a0<\/p>\n<div style=\"text-align: center\"><img loading=\"lazy\" decoding=\"async\" class=\" size-full wp-image-1\" src=\"https:\/\/sinservregional.com.br\/site\/wp-content\/uploads\/2009\/04\/ato.jpg\" border=\"0\" width=\"364\" height=\"273\" \/><font face=\"verdana,geneva\"><br \/> |Servidores defendem suas conquistas|<\/font><\/div>\n<p style=\"text-align: justify\" class=\"MsoNormal\">\u00a0<\/p>\n<p style=\"text-align: justify\" class=\"MsoNormal\">\u00a0<\/p>\n<div style=\"text-align: center\"><\/div>\n<p>\u00a0<\/p>\n","protected":false},"excerpt":{"rendered":"<p>Normal 0 21 false false false PT-BR X-NONE X-NONE MicrosoftInternetExplorer4 \/* Style Definitions *\/ table.MsoNormalTable {mso-style-name:&#8221;Tabela normal&#8221;; mso-tstyle-rowband-size:0; mso-tstyle-colband-size:0; mso-style-noshow:yes; mso-style-priority:99; mso-style-qformat:yes; mso-style-parent:&#8221;&#8221;; mso-padding-alt:0cm 5.4pt 0cm 5.4pt; mso-para-margin-top:0cm; mso-para-margin-right:0cm; mso-para-margin-bottom:10.0pt; mso-para-margin-left:0cm; line-height:115%; mso-pagination:widow-orphan; font-size:11.0pt; font-family:&#8221;Calibri&#8221;,&#8221;sans-serif&#8221;; mso-ascii-font-family:Calibri; mso-ascii-theme-font:minor-latin; mso-fareast-font-family:&#8221;Times New Roman&#8221;; mso-fareast-theme-font:minor-fareast; mso-hansi-font-family:Calibri; mso-hansi-theme-font:minor-latin;} O ataque sistem\u00e1tico da administra\u00e7\u00e3o municipal aos seus servidores efetivos levou\u00a0 esta &hellip; <\/p>\n","protected":false},"author":1,"featured_media":1,"comment_status":"open","ping_status":"open","sticky":false,"template":"","format":"standard","meta":{"footnotes":""},"categories":[15],"tags":[],"class_list":["post-2","post","type-post","status-publish","format-standard","has-post-thumbnail","hentry","category-c34-gerais"],"_links":{"self":[{"href":"https:\/\/sinservregional.com.br\/site\/index.php?rest_route=\/wp\/v2\/posts\/2","targetHints":{"allow":["GET"]}}],"collection":[{"href":"https:\/\/sinservregional.com.br\/site\/index.php?rest_route=\/wp\/v2\/posts"}],"about":[{"href":"https:\/\/sinservregional.com.br\/site\/index.php?rest_route=\/wp\/v2\/types\/post"}],"author":[{"embeddable":true,"href":"https:\/\/sinservregional.com.br\/site\/index.php?rest_route=\/wp\/v2\/users\/1"}],"replies":[{"embeddable":true,"href":"https:\/\/sinservregional.com.br\/site\/index.php?rest_route=%2Fwp%2Fv2%2Fcomments&post=2"}],"version-history":[{"count":0,"href":"https:\/\/sinservregional.com.br\/site\/index.php?rest_route=\/wp\/v2\/posts\/2\/revisions"}],"wp:featuredmedia":[{"embeddable":true,"href":"https:\/\/sinservregional.com.br\/site\/index.php?rest_route=\/wp\/v2\/media\/1"}],"wp:attachment":[{"href":"https:\/\/sinservregional.com.br\/site\/index.php?rest_route=%2Fwp%2Fv2%2Fmedia&parent=2"}],"wp:term":[{"taxonomy":"category","embeddable":true,"href":"https:\/\/sinservregional.com.br\/site\/index.php?rest_route=%2Fwp%2Fv2%2Fcategories&post=2"},{"taxonomy":"post_tag","embeddable":true,"href":"https:\/\/sinservregional.com.br\/site\/index.php?rest_route=%2Fwp%2Fv2%2Ftags&post=2"}],"curies":[{"name":"wp","href":"https:\/\/api.w.org\/{rel}","templated":true}]}}