{"id":1938,"date":"2011-10-10T18:51:18","date_gmt":"2011-10-10T18:51:18","guid":{"rendered":"http:\/\/sinservregional.com.br\/site\/?p=1938"},"modified":"2011-10-10T18:51:18","modified_gmt":"2011-10-10T18:51:18","slug":"judiciario-federal-greve-comeca-a-crescer-e-deve-aumentar-nas-proximas-semanas","status":"publish","type":"post","link":"https:\/\/sinservregional.com.br\/site\/?p=1938","title":{"rendered":"Judici\u00e1rio Federal: Greve come\u00e7a a crescer e deve aumentar nas pr\u00f3ximas semanas."},"content":{"rendered":"<p align=\"justify\"><span class=\"apple-style-span\"><strong><span style=\"line-height: 115%; font-family: 'Verdana','sans-serif'; background: white; color: #2a2a2a; font-size: 10pt\"><img loading=\"lazy\" decoding=\"async\" src=\"http:\/\/www.ojornal.net\/horaemhora\/images\/stories\/Greve_Federal_-_Foto_Divulgacao.jpg\" border=\"0\" hspace=\"10\" vspace=\"10\" width=\"250\" height=\"166\" align=\"left\" \/><\/span><\/strong><\/span><span class=\"apple-style-span\"><span style=\"line-height: 115%; font-family: 'Verdana','sans-serif'; background: white; color: #2a2a2a; font-size: 10pt\">Servidores do Judici\u00e1rio Federal de quatro estados [Bahia, Mato Grosso, S\u00e3o Paulo e Amazonas] est\u00e3o em greve por tempo indeterminado para pressionar em defesa do fechamento de um acordo or\u00e7ament\u00e1rio e da aprova\u00e7\u00e3o do PCS. A orienta\u00e7\u00e3o da Fenajufe \u00e9 que at\u00e9 o dia 18 de outubro todos os demais estados tamb\u00e9m entrem na greve, refor\u00e7ando o movimento em n\u00edvel nacional.<\/span><\/span><span class=\"apple-converted-space\"><span style=\"line-height: 115%; font-family: 'Verdana','sans-serif'; background: white; color: #2a2a2a; font-size: 10pt\">\u00a0<\/span><\/span><span style=\"line-height: 115%; font-family: 'Verdana','sans-serif'; background: white; color: #2a2a2a; font-size: 10pt\"><\/p>\n<p><span class=\"apple-style-span\">No momento, outros estados, como Maranh\u00e3o, Pernambuco, Rio de Janeiro e Piau\u00ed j\u00e1 decidiram a data da deflagra\u00e7\u00e3o da greve por tempo indeterminado. Em outros, os sindicatos promovem paralisa\u00e7\u00f5es de 24 horas ou parciais, atos e assembleias, visando \u00e0 constru\u00e7\u00e3o do movimento com a categoria.<\/span><\/span> <\/p>\n<p> <!--more--> <\/p>\n<p style=\"margin: 0cm 0cm 10pt\" class=\"MsoNormal\" align=\"justify\">\n<p>\u00a0<\/p>\n<p style=\"margin: 0cm 0cm 10pt\" class=\"MsoNormal\" align=\"justify\"><span class=\"apple-style-span\"><span style=\"line-height: 115%; font-family: 'Verdana','sans-serif'; background: white; color: #2a2a2a; font-size: 10pt\">A expectativa \u00e9 que o n\u00famero de estados na greve aumente nos pr\u00f3ximos dias. Confira abaixo o quadro atual.<\/span><\/span><span style=\"line-height: 115%; font-family: 'Verdana','sans-serif'; background: white; color: #2a2a2a; font-size: 10pt\"><\/p>\n<p><span class=\"apple-style-span\"><strong>Greve por tempo indeterminado<\/strong><\/span><br \/><span class=\"apple-style-span\"><strong>Sindjufe-BA:<\/strong><\/span><span class=\"apple-converted-space\"><strong>\u00a0<\/strong><\/span><span class=\"apple-style-span\">Em greve por tempo indeterminado desde o dia 1\u00ba de junho, os servidores baianos continuam a paralisa\u00e7\u00e3o em defesa do PCS. Assembleia desta quinta-feira [06] aprovou a continuidade do movimento. A pr\u00f3xima assembleia ser\u00e1 realizada no dia 13\/10, pr\u00f3xima quinta-feira, \u00e0s 13h, na Justi\u00e7a Federal. Em seguida a categoria vai realizar um ato p\u00fablico no local.<\/span><\/p>\n<p><span class=\"apple-style-span\"><strong>Sindijufe-MT:<\/strong><\/span><span class=\"apple-converted-space\">\u00a0<\/span><span class=\"apple-style-span\">Em Mato Grosso, os servidores, que j\u00e1 est\u00e3o em greve por tempo desde o dia 7 de junho, continuam a paralisa\u00e7\u00e3o pela aprova\u00e7\u00e3o do PCS. Todos os dias o sindicato promove assembleia de avalia\u00e7\u00e3o do movimento. A desta quinta-feira [06], foi na Justi\u00e7a Federal.<\/span><span class=\"apple-converted-space\">\u00a0<\/span><\/p>\n<p><span class=\"apple-style-span\"><strong>Sintrajud-SP:<\/strong><\/span><span class=\"apple-converted-space\">\u00a0<\/span><span class=\"apple-style-span\">Servidores da Justi\u00e7a Federal e do TRF, depois de promoveram uma paralisa\u00e7\u00e3o de 72 horas, entraram em greve por tempo indeterminado no \u00faltimo dia 30 de setembro. Nesta quarta-feira [05], foi a vez dos servidores da Justi\u00e7a do Trabalho da Barra Funda aderirem ao movimento.<\/span><span class=\"apple-converted-space\">\u00a0<\/span><\/p>\n<p><span class=\"apple-style-span\"><strong>Sitra-AM\/RR:<\/strong><\/span><span class=\"apple-converted-space\">\u00a0<\/span><span class=\"apple-style-span\">Os servidores da Justi\u00e7a do Trabalho no Amazonas entraram em greve por tempo indeterminado na ter\u00e7a-feira, 4 de outubro. Nesta sexta-feira [07] eles promovem, das 8h \u00e0s 10h, um ato p\u00fablico em frente \u00e0 sede do TRT, com a participa\u00e7\u00e3o de trabalhadores dos Correios e dos banc\u00e1rios, tamb\u00e9m em greve por tempo indeterminado.<\/span><\/p>\n<p><span class=\"apple-style-span\"><strong>Sindicatos que j\u00e1 decidiram a data do in\u00edcio da greve<\/strong><\/span><br \/><span class=\"apple-style-span\"><strong>Sintrajufe-MA:<\/strong><\/span><span class=\"apple-converted-space\"><strong>\u00a0<\/strong><\/span><span class=\"apple-style-span\">Os servidores do Maranh\u00e3o entrar\u00e3o em greve por tempo indeterminado na pr\u00f3xima segunda-feira, 10 d eoutubro. A primeira atividade unificada da greve ser\u00e1 na segunda-feira, \u00e0s 11h, no TRT. A cidade de Caxias j\u00e1 consolidou sua entrada no movimento e de l\u00e1 possivelmente a greve se estender\u00e1 para a regi\u00e3o dos Cocais. O sindicato est\u00e1 planejando atividades em cidades como Bacabal e Imperatriz.<\/span><\/p>\n<p><span class=\"apple-style-span\"><strong>Sindjuf-PB:<\/strong><\/span><span class=\"apple-converted-space\">\u00a0<\/span><span class=\"apple-style-span\">Os servidores do Judici\u00e1rio Federal decidiram iniciar a greve por tempo indeterminado a partir do dia 13 de outubro. Em assembleia no \u00faltimo dia 05\/10, os servidores da JF confirmaram que v\u00e3o aderir \u00e0 paralisa\u00e7\u00e3o. Na Justi\u00e7a Eleitoral, eles decidiram no in\u00edcio da manh\u00e3 do dia 13 lacrar a porta principal do Tribunal e permitir a entrada ao estacionamento apenas dos ju\u00edzes e carros oficiais.<\/span><span class=\"apple-converted-space\">\u00a0<\/span><\/p>\n<p><span class=\"apple-style-span\"><strong>Sintrajuf-PE:<\/strong><\/span><span class=\"apple-converted-space\">\u00a0<\/span><span class=\"apple-style-span\">Em Pernambuco, a greve por tempo indeterminado ter\u00e1 in\u00edcio no dia 18 de outubro. Nesta quinta-feira [06], eles promoveram paralisa\u00e7\u00e3o de 24 horas, cuja concentra\u00e7\u00e3o ocorreu nas varas do trabalho da Sudene, com a participa\u00e7\u00e3o de cerca de 130 servidores das Justi\u00e7as do Trabalho, Eleitoral, TRF e Justi\u00e7a Federal.<\/span><\/p>\n<p><span class=\"apple-style-span\"><strong>Sisejufe-RJ:<\/strong><\/span><span class=\"apple-converted-space\"><strong>\u00a0<\/strong><\/span><span class=\"apple-style-span\">No Rio de Janeiro, a categoria j\u00e1 decidiu paralisar os trabalhos a partir do dia 19 de outubro. Nesta quarta-feira [05] o sindicato intensificou o trabalho de mobiliza\u00e7\u00e3o com o objetivo de organizar a greve. Foram feitas visitas na Se\u00e7\u00e3o Judici\u00e1ria da Almirante Barroso, no TRF, no Foro da Venezuela e o TRT.<\/span><span class=\"apple-converted-space\">\u00a0<\/span><\/p>\n<p><span class=\"apple-style-span\"><strong>Sintrajufe-PI:<\/strong><\/span><span class=\"apple-converted-space\">\u00a0<\/span><span class=\"apple-style-span\">No dia 20 de outubro ser\u00e1 a vez dos servidores do Piau\u00ed iniciarem a greve por tempo indeterminado. Mas antes disso, a categoria realizar\u00e1 nova paralisa\u00e7\u00e3o de 24 horas, na pr\u00f3xima ter\u00e7a-feira [11].<\/span><\/p>\n<p><span class=\"apple-style-span\"><strong>Paralisa\u00e7\u00e3o de 24 horas<\/strong><\/span><br \/><span class=\"apple-style-span\"><strong>Sintrajusc-SC:<\/strong><\/span><span class=\"apple-converted-space\">\u00a0<\/span><span class=\"apple-style-span\">Em assembleia na ter\u00e7a-feira [04], os servidores aprovaram paralisa\u00e7\u00e3o de 24 horas no dia 18 de outubro. Al\u00e9m da ssembleia, foi realizado um ato p\u00fablico, com a participa\u00e7\u00e3o servidores das tr\u00eas justi\u00e7as, incluindo de S\u00e3o Jos\u00e9, de Laguna e Crici\u00fama.<\/span><\/p>\n<p><span class=\"apple-style-span\"><strong>Sitraemg-MG:<\/strong><\/span><span class=\"apple-converted-space\">\u00a0<\/span><span class=\"apple-style-span\">Os quase 750 servidores presentes na assembleia desta quarta-feira [05] decidiram promover novo ato p\u00fablico na pr\u00f3xima ter\u00e7a-feira, dia 11 de outubro, \u00e0s 13h, em frente ao pr\u00e9dio do TRE e outra paralisa\u00e7\u00e3o de 24 horas na quarta-feira seguinte, 19 de outubro, acompanhada de ato p\u00fablico, desta vez em frente ao pr\u00e9dio da Justi\u00e7a Federal em Belo Horizonte, tamb\u00e9m \u00e0s 13h.<\/span><\/p>\n<p><span class=\"apple-style-span\"><strong>Assembleias para discutir a entrada na greve<\/strong><\/span><br \/><span class=\"apple-style-span\"><strong>Sintrajufe-RS:<\/strong><\/span><span class=\"apple-converted-space\">\u00a0<\/span><span class=\"apple-style-span\">Dia 8 de outubro, s\u00e1bado, \u00e0s 14h, no audit\u00f3rio das varas trabalhistas, ocorrer\u00e1 a assembleia geral do Sintrajufe-RS para definir o in\u00edcio da greve por tempo indeterminado no Rio Grande do Sul.<\/span><\/p>\n<p><span class=\"apple-style-span\"><strong>Sindjus-AL:<\/strong><\/span><span class=\"apple-converted-space\">\u00a0<\/span><span class=\"apple-style-span\">De 11 a 17 de outubro, o sindicato realizar\u00e1 assembleias setoriais no TRT, na JF, no TRE e na PRT. E no dia 18 de outubro, ser\u00e1 realizada assembleia geral para definir a deflagra\u00e7\u00e3o da greve por tempo indeterminado. O encontro ser\u00e1 \u00e0s 9h, na sede do sindicato.<\/span><\/p>\n<p><span class=\"apple-style-span\"><strong>Sintrajufe-CE:<\/strong><\/span><span class=\"apple-converted-space\">\u00a0<\/span><span class=\"apple-style-span\">No dia 18 de outubro, o sindicato realizar\u00e1 assembleias em v\u00e1rios locais de trabalho para definir a ades\u00e3o ao movimento. \u00c0s 10h30 da manh\u00e3, o encontro ser\u00e1 com os servidores da 21\u00aa Vara Federal [Unifor], em Fortaleza. E \u00e0s 13h, a assembleia ser\u00e1 no \u00e1trio do Edif\u00edcio [Anexo Aldeota]. J\u00e1 \u00e0s 15h, o encontro ser\u00e1 com os servidores das Subse\u00e7\u00f5es Judici\u00e1rias de Juazeiro do Norte, Quixad\u00e1 e Sobral.<\/span><\/p>\n<p><span class=\"apple-style-span\"><em>Da Fenajufe, com informa\u00e7\u00f5es dos sindicatos filiados<\/em><\/span><\/p>\n<p><\/span><\/p>\n","protected":false},"excerpt":{"rendered":"<p>Servidores do Judici\u00e1rio Federal de quatro estados [Bahia, Mato Grosso, S\u00e3o Paulo e Amazonas] est\u00e3o em greve por tempo indeterminado para pressionar em defesa do fechamento de um acordo or\u00e7ament\u00e1rio e da aprova\u00e7\u00e3o do PCS. A orienta\u00e7\u00e3o da Fenajufe \u00e9 que at\u00e9 o dia 18 de outubro todos os demais estados tamb\u00e9m entrem na greve, &hellip; <\/p>\n","protected":false},"author":1,"featured_media":0,"comment_status":"open","ping_status":"open","sticky":false,"template":"","format":"standard","meta":{"footnotes":""},"categories":[15],"tags":[],"class_list":["post-1938","post","type-post","status-publish","format-standard","hentry","category-c34-gerais"],"_links":{"self":[{"href":"https:\/\/sinservregional.com.br\/site\/index.php?rest_route=\/wp\/v2\/posts\/1938","targetHints":{"allow":["GET"]}}],"collection":[{"href":"https:\/\/sinservregional.com.br\/site\/index.php?rest_route=\/wp\/v2\/posts"}],"about":[{"href":"https:\/\/sinservregional.com.br\/site\/index.php?rest_route=\/wp\/v2\/types\/post"}],"author":[{"embeddable":true,"href":"https:\/\/sinservregional.com.br\/site\/index.php?rest_route=\/wp\/v2\/users\/1"}],"replies":[{"embeddable":true,"href":"https:\/\/sinservregional.com.br\/site\/index.php?rest_route=%2Fwp%2Fv2%2Fcomments&post=1938"}],"version-history":[{"count":0,"href":"https:\/\/sinservregional.com.br\/site\/index.php?rest_route=\/wp\/v2\/posts\/1938\/revisions"}],"wp:attachment":[{"href":"https:\/\/sinservregional.com.br\/site\/index.php?rest_route=%2Fwp%2Fv2%2Fmedia&parent=1938"}],"wp:term":[{"taxonomy":"category","embeddable":true,"href":"https:\/\/sinservregional.com.br\/site\/index.php?rest_route=%2Fwp%2Fv2%2Fcategories&post=1938"},{"taxonomy":"post_tag","embeddable":true,"href":"https:\/\/sinservregional.com.br\/site\/index.php?rest_route=%2Fwp%2Fv2%2Ftags&post=1938"}],"curies":[{"name":"wp","href":"https:\/\/api.w.org\/{rel}","templated":true}]}}