{"id":1900,"date":"2011-09-29T18:10:02","date_gmt":"2011-09-29T18:10:02","guid":{"rendered":"http:\/\/sinservregional.com.br\/site\/?p=1900"},"modified":"2011-09-29T18:10:02","modified_gmt":"2011-09-29T18:10:02","slug":"convocatoria-para-o-3-de-outubro-um-dia-de-luta-em-todo-o-mundo","status":"publish","type":"post","link":"https:\/\/sinservregional.com.br\/site\/?p=1900","title":{"rendered":"Convocat\u00f3ria para o 3 de Outubro: um dia de luta em todo o mundo"},"content":{"rendered":"<p align=\"justify\"><span class=\"apple-style-span\"><span style=\"line-height: 115%; font-family: 'Verdana','sans-serif'; background: white; color: black; font-size: 10pt\"><img loading=\"lazy\" decoding=\"async\" src=\"http:\/\/www.ctb.org.br\/site\/images\/stories\/fsm_poster_0310.jpg\" border=\"0\" hspace=\"10\" vspace=\"10\" width=\"250\" height=\"351\" align=\"left\" \/>A crise mundial do capitalismo amea\u00e7a o emprego e os direitos da classe trabalhadora em todo o mundo. Em resposta a isto, a Federa\u00e7\u00e3o Sindical Mundial (FSM) est\u00e1 mobilizando a classe trabalhadora e o povo em geral para manifesta\u00e7\u00f5es em diferentes pa\u00edses do mundo no dia 3 de outubro, mesma data de sua funda\u00e7\u00e3o, em 1945.<\/span><\/span><span class=\"apple-converted-space\"><span style=\"line-height: 115%; font-family: 'Verdana','sans-serif'; background: white; color: black; font-size: 10pt\">\u00a0<\/span><\/span><span style=\"line-height: 115%; font-family: 'Verdana','sans-serif'; background: white; color: black; font-size: 10pt\"><\/p>\n<p><span class=\"apple-style-span\">\u00c9 indispens\u00e1vel lutar pela manuten\u00e7\u00e3o e amplia\u00e7\u00e3o dos direitos sociais, contra as demiss\u00f5es e para que os banqueiros e grandes capitalistas paguem pela crise que criaram.<\/span><\/span> <\/p>\n<p> <!--more--> <\/p>\n<p style=\"margin: 0cm 0cm 10pt\" class=\"MsoNormal\">\u00a0<\/p>\n<p style=\"margin: 0cm 0cm 10pt\" class=\"MsoNormal\" align=\"justify\"><span class=\"apple-style-span\"><span style=\"line-height: 115%; font-family: 'Verdana','sans-serif'; background: white; color: black; font-size: 10pt\">No Brasil, o ato est\u00e1 sendo convocado pela CTB, CGTB e Nova Central e ser\u00e1 realizado em diversas cidades. \u00c9 importante que sua entidade se mobilize e fa\u00e7a parte deste dia de luta.<\/span><\/span><span style=\"line-height: 115%; font-family: 'Verdana','sans-serif'; background: white; color: black; font-size: 10pt\"><\/p>\n<p><span class=\"apple-style-span\">Seja consciente, lute pelos seus direitos. PARTICIPE!<\/span><\/p>\n<p><span class=\"apple-style-span\">\u2022 Seguridade Social P\u00fablica para todos.<\/span><br \/><span class=\"apple-style-span\">\u2022 Contrato Coletivo Nacional.<\/span><br \/><span class=\"apple-style-span\">\u2022 Defesa das liberdades sindicais e democr\u00e1ticas.<\/span><br \/><span class=\"apple-style-span\">\u2022 Redu\u00e7\u00e3o da jornada de trabalho. Pela aprova\u00e7\u00e3o da PEC que estabelece a semana de 40 horas num primeiro momento e depois institui as 35 horas.<\/span><br \/><span class=\"apple-style-span\">\u2022 Defesa do emprego, contra a demiss\u00e3o sem justa causa e pela ratifica\u00e7\u00e3o da Conven\u00e7\u00e3o 158 da OIT.<\/span><br \/><span class=\"apple-style-span\">\u2022 Solidariedade com o povo palestino.<\/span><br \/><span class=\"apple-style-span\">\u2022 Regulariza\u00e7\u00e3o da Conven\u00e7\u00e3o 151 da OIT, que garante a organiza\u00e7\u00e3o sindical dos trabalhadores do servi\u00e7o p\u00fablico.<\/span><br \/><span class=\"apple-style-span\">\u2022 Pela liberdade dos cinco her\u00f3is cubanos, injustamente presos pelo imp\u00e9rio por lutar contra o terrorismo.<\/span><\/span><\/p>\n<p style=\"margin: 0cm 0cm 10pt\" class=\"MsoNormal\" align=\"justify\">\u00a0<\/p>\n<p><span style=\"line-height: 115%; font-family: 'Verdana','sans-serif'; background: white; color: black; font-size: 10pt\"><span class=\"apple-style-span\"><span class=\"apple-style-span\"><span style=\"line-height: 115%; font-family: 'Verdana','sans-serif'; background: white; color: black; font-size: 10pt\">(CTB)<\/span><\/span><\/span><\/span><\/p>\n","protected":false},"excerpt":{"rendered":"<p>A crise mundial do capitalismo amea\u00e7a o emprego e os direitos da classe trabalhadora em todo o mundo. Em resposta a isto, a Federa\u00e7\u00e3o Sindical Mundial (FSM) est\u00e1 mobilizando a classe trabalhadora e o povo em geral para manifesta\u00e7\u00f5es em diferentes pa\u00edses do mundo no dia 3 de outubro, mesma data de sua funda\u00e7\u00e3o, em &hellip; <\/p>\n","protected":false},"author":1,"featured_media":0,"comment_status":"open","ping_status":"open","sticky":false,"template":"","format":"standard","meta":{"footnotes":""},"categories":[15],"tags":[],"class_list":["post-1900","post","type-post","status-publish","format-standard","hentry","category-c34-gerais"],"_links":{"self":[{"href":"https:\/\/sinservregional.com.br\/site\/index.php?rest_route=\/wp\/v2\/posts\/1900","targetHints":{"allow":["GET"]}}],"collection":[{"href":"https:\/\/sinservregional.com.br\/site\/index.php?rest_route=\/wp\/v2\/posts"}],"about":[{"href":"https:\/\/sinservregional.com.br\/site\/index.php?rest_route=\/wp\/v2\/types\/post"}],"author":[{"embeddable":true,"href":"https:\/\/sinservregional.com.br\/site\/index.php?rest_route=\/wp\/v2\/users\/1"}],"replies":[{"embeddable":true,"href":"https:\/\/sinservregional.com.br\/site\/index.php?rest_route=%2Fwp%2Fv2%2Fcomments&post=1900"}],"version-history":[{"count":0,"href":"https:\/\/sinservregional.com.br\/site\/index.php?rest_route=\/wp\/v2\/posts\/1900\/revisions"}],"wp:attachment":[{"href":"https:\/\/sinservregional.com.br\/site\/index.php?rest_route=%2Fwp%2Fv2%2Fmedia&parent=1900"}],"wp:term":[{"taxonomy":"category","embeddable":true,"href":"https:\/\/sinservregional.com.br\/site\/index.php?rest_route=%2Fwp%2Fv2%2Fcategories&post=1900"},{"taxonomy":"post_tag","embeddable":true,"href":"https:\/\/sinservregional.com.br\/site\/index.php?rest_route=%2Fwp%2Fv2%2Ftags&post=1900"}],"curies":[{"name":"wp","href":"https:\/\/api.w.org\/{rel}","templated":true}]}}