{"id":1804,"date":"2011-09-01T09:10:58","date_gmt":"2011-09-01T09:10:58","guid":{"rendered":"http:\/\/sinservregional.com.br\/site\/?p=1804"},"modified":"2011-09-01T09:10:58","modified_gmt":"2011-09-01T09:10:58","slug":"internautas-organizam-marcha-contra-corrupcao-no-dia-7-de-setembro","status":"publish","type":"post","link":"https:\/\/sinservregional.com.br\/site\/?p=1804","title":{"rendered":"Internautas organizam marcha contra corrup\u00e7\u00e3o no dia 7 de setembro"},"content":{"rendered":"<p align=\"justify\"><span style=\"font-family: 'Verdana','sans-serif'; font-size: 10pt\"><font color=\"#000000\"><img loading=\"lazy\" decoding=\"async\" src=\"http:\/\/oglobo.globo.com\/fotos\/2011\/08\/30\/30_MHG_fora-jaqueline-roriz.jpg\" border=\"0\" hspace=\"10\" width=\"248\" height=\"158\" align=\"left\" \/>Internautas est\u00e3o organizando uma marcha contra a corrup\u00e7\u00e3o no dia 7 de setembro, quando \u00e9 comemorada a independ\u00eancia do pa\u00eds. O movimento ganhou mais adeptos depois da absolvi\u00e7\u00e3o da deputada federal Jaqueline Roriz (PMN-DF), segundo a organiza\u00e7\u00e3o do protesto.<\/font><\/span><span style=\"font-family: 'Verdana','sans-serif'; font-size: 10pt\"><font color=\"#000000\">H\u00e1 duas semanas, um grupo de brasilienses lan\u00e7ou no Facebook, uma rede social, a ideia de fazer o protesto no Dia da Independ\u00eancia. At\u00e9 a noite de ter\u00e7a-feira (30), mais de 9 mil pessoas tinham confirmado presen\u00e7a.\u00a0<\/font><\/span> <\/p>\n<p> <!--more--> <\/p>\n<p align=\"justify\"><span style=\"font-family: 'Verdana','sans-serif'; font-size: 10pt\"><font color=\"#000000\">Segundo um dos organizadores da manifesta\u00e7\u00e3o, Giderclay Zeballos, as confirma\u00e7\u00f5es praticamente dobraram depois que a C\u00e2mara dos Deputados arquivou o processo de cassa\u00e7\u00e3o do mandato de Jaqueline Roriz, acusada de quebra de decoro ap\u00f3s aparecer em uma grava\u00e7\u00e3o de v\u00eddeo recebendo dinheiro do operador do esquema de propina no governo do Distrito Federal, Durval Barbosa, quando era candidata a deputada distrital.<\/font><\/span><\/p>\n<p align=\"justify\"><span style=\"font-family: 'Verdana','sans-serif'; font-size: 10pt\"><font color=\"#000000\">\u201cMuita gente ficou indignada com a absolvi\u00e7\u00e3o\u201d, disse Zeballos, analista de sistema.<\/font><\/span><\/p>\n<p align=\"justify\"><span style=\"font-family: 'Verdana','sans-serif'; font-size: 10pt\"><font color=\"#000000\">Na p\u00e1gina do protesto na rede social, os organizadores afirmam que a manifesta\u00e7\u00e3o n\u00e3o tem apoio de partidos, sindicatos ou empresas. <\/font><\/span><span style=\"font-family: 'Verdana','sans-serif'; font-size: 10pt\"><font color=\"#000000\">E surgiu da mobiliza\u00e7\u00e3o de cidad\u00e3os comuns diante das den\u00fancias de corrup\u00e7\u00e3o, como as recentes ocorridas nos minist\u00e9rios dos Transportes, do Turismo e da Agricultura. \u201cA corrup\u00e7\u00e3o virou uma doen\u00e7a no Brasil. Sentimos que temos que fazer alguma coisa\u201d, disse Zeballos.<\/font><\/span><\/p>\n<p align=\"justify\"><span style=\"font-family: 'Verdana','sans-serif'; font-size: 10pt\"><font color=\"#000000\">Segundo ele, os pr\u00f3prios organizadores est\u00e3o arrecadando com amigos e parentes recursos para a compra de material para a manifesta\u00e7\u00e3o, como faixas e tintas.<\/font><\/span><\/p>\n<p align=\"justify\"><span style=\"font-family: 'Verdana','sans-serif'; font-size: 10pt\"><font color=\"#000000\">O grupo pede que os participantes levem <em>spray<\/em>, apitos, bal\u00f5es e tinta para pintar o rosto durante a marcha. <\/font><\/span><span style=\"font-family: 'Verdana','sans-serif'; font-size: 10pt\"><font color=\"#000000\">\u201cN\u00e3o carregue bandeira de nenhum partido, a bandeira que devemos carregar \u00e9 apenas a do Brasil, que \u00e9 o nosso interesse comum\u201d, diz texto na p\u00e1gina do evento.<\/font><\/span><\/p>\n<p align=\"justify\"><span style=\"font-family: 'Verdana','sans-serif'; font-size: 10pt\"><font color=\"#000000\">O protesto est\u00e1 previsto para come\u00e7ar \u00e0s 10h do dia 7 de setembro. O local escolhido \u00e9 o Museu Nacional, pr\u00f3ximo \u00e0 Esplanada dos Minist\u00e9rios, onde \u00e9 realizado o tradicional desfile militar.<\/font><\/span><span style=\"line-height: 115%; font-family: 'Verdana','sans-serif'; font-size: 10pt\"><font color=\"#000000\">\u00a0<\/font><\/span><\/p>\n<p align=\"justify\"><span style=\"line-height: 115%; font-family: 'Verdana','sans-serif'; font-size: 10pt\"><font color=\"#000000\"><span style=\"line-height: 115%; font-family: 'Verdana','sans-serif'; font-size: 10pt\">Fonte: JB<\/span><\/font><\/span><\/p>\n","protected":false},"excerpt":{"rendered":"<p>Internautas est\u00e3o organizando uma marcha contra a corrup\u00e7\u00e3o no dia 7 de setembro, quando \u00e9 comemorada a independ\u00eancia do pa\u00eds. O movimento ganhou mais adeptos depois da absolvi\u00e7\u00e3o da deputada federal Jaqueline Roriz (PMN-DF), segundo a organiza\u00e7\u00e3o do protesto.H\u00e1 duas semanas, um grupo de brasilienses lan\u00e7ou no Facebook, uma rede social, a ideia de fazer &hellip; <\/p>\n","protected":false},"author":1,"featured_media":0,"comment_status":"open","ping_status":"open","sticky":false,"template":"","format":"standard","meta":{"footnotes":""},"categories":[15],"tags":[],"class_list":["post-1804","post","type-post","status-publish","format-standard","hentry","category-c34-gerais"],"_links":{"self":[{"href":"https:\/\/sinservregional.com.br\/site\/index.php?rest_route=\/wp\/v2\/posts\/1804","targetHints":{"allow":["GET"]}}],"collection":[{"href":"https:\/\/sinservregional.com.br\/site\/index.php?rest_route=\/wp\/v2\/posts"}],"about":[{"href":"https:\/\/sinservregional.com.br\/site\/index.php?rest_route=\/wp\/v2\/types\/post"}],"author":[{"embeddable":true,"href":"https:\/\/sinservregional.com.br\/site\/index.php?rest_route=\/wp\/v2\/users\/1"}],"replies":[{"embeddable":true,"href":"https:\/\/sinservregional.com.br\/site\/index.php?rest_route=%2Fwp%2Fv2%2Fcomments&post=1804"}],"version-history":[{"count":0,"href":"https:\/\/sinservregional.com.br\/site\/index.php?rest_route=\/wp\/v2\/posts\/1804\/revisions"}],"wp:attachment":[{"href":"https:\/\/sinservregional.com.br\/site\/index.php?rest_route=%2Fwp%2Fv2%2Fmedia&parent=1804"}],"wp:term":[{"taxonomy":"category","embeddable":true,"href":"https:\/\/sinservregional.com.br\/site\/index.php?rest_route=%2Fwp%2Fv2%2Fcategories&post=1804"},{"taxonomy":"post_tag","embeddable":true,"href":"https:\/\/sinservregional.com.br\/site\/index.php?rest_route=%2Fwp%2Fv2%2Ftags&post=1804"}],"curies":[{"name":"wp","href":"https:\/\/api.w.org\/{rel}","templated":true}]}}