{"id":1782,"date":"2011-08-29T15:02:40","date_gmt":"2011-08-29T15:02:40","guid":{"rendered":"http:\/\/sinservregional.com.br\/site\/?p=1782"},"modified":"2011-08-29T15:02:40","modified_gmt":"2011-08-29T15:02:40","slug":"ex-coordenador-da-lei-seca-vai-responder-por-homicidio","status":"publish","type":"post","link":"https:\/\/sinservregional.com.br\/site\/?p=1782","title":{"rendered":"Ex-coordenador da Lei Seca vai responder por homic\u00eddio"},"content":{"rendered":"<p><span style=\"font-family: 'Verdana','sans-serif'; font-size: 10pt\"><font color=\"#000000\"><\/p>\n<div style=\"text-align: center\"><img loading=\"lazy\" decoding=\"async\" src=\"http:\/\/www.jb.com.br\/media\/fotos\/2011\/08\/29\/300w\/subsecretario-de-governo-so-se-apresentou-a-policia-16-horas-depois-do-c_2.jpg\" border=\"0\" hspace=\"10\" width=\"240\" height=\"192\" align=\"left\" \/><\/div>\n<p align=\"justify\"><span style=\"font-family: 'Verdana','sans-serif'; font-size: 10pt\"><font color=\"#000000\">O ex-coordenador da Lei Seca no Tr\u00e2nsito e subsecret\u00e1rio de governo da Regi\u00e3o Metropolitana do Rio de Janeiro, Alexandre Felipe, vai responder por homic\u00eddio pelo atropelamento de uma pessoa em Niter\u00f3i. Al\u00e9m da v\u00edtima fatal, o subsecret\u00e1rio ainda atropelou outras tr\u00eas pessoas no incidente. Alexandre Felipe tinha consumido \u00e1lcool antes de dirigir.\u00a0<\/font><\/span> <\/p>\n<p><\/font><\/span> <!--more--> <\/p>\n<p align=\"justify\"><span style=\"font-family: 'Verdana','sans-serif'; font-size: 10pt\"><font color=\"#000000\">&#8220;Ele vai responder por homic\u00eddio. Isso \u00e9 certo&#8221;, garantiu o delegado Alexandre Leite, da 81\u00aa DP (Itaipu), que \u00e9 o respons\u00e1vel pelo caso. &#8221; Mas vou aguardar o depoimento das testemunhas e o laudo da per\u00edcia para decidir se ele vai responder por homic\u00eddio doloso ou culposo. Tenho que analisar todos os fatos&#8221;.<\/font><\/span><\/p>\n<p align=\"justify\"><span style=\"font-family: 'Verdana','sans-serif'; font-size: 10pt\"><font color=\"#000000\">A v\u00edtima, Erm\u00ednio Cosme Pereira, de 52 anos, sofreu morte encef\u00e1lica e ser\u00e1 enterrado nesta segunda-feira no Cemit\u00e9rio de Itaipu, em Niter\u00f3i.\u00a0<\/font><\/span><span style=\"font-family: 'Verdana','sans-serif'; font-size: 10pt\"><font color=\"#000000\">Apesar de ter admitido o consumo de vinho antes de dirigir, Alexandre Felipe garantiu que a dose estava dentro do limite toler\u00e1vel pela Lei Seca e que a bebida n\u00e3o afetou seus reflexos. <\/font><\/span><\/p>\n<p align=\"justify\"><span style=\"font-family: 'Verdana','sans-serif'; font-size: 10pt\"><font color=\"#000000\">O subsecret\u00e1rio foi submetido a um exame de alcoolemia cujo resultado preliminar, segundo o delegado Alexandre Leite, deu negativo.\u00a0<\/font><\/span><span style=\"font-family: 'Verdana','sans-serif'; font-size: 10pt\"><font color=\"#000000\">Para o advogado Jos\u00e9 Maur\u00edcio Ign\u00e1cio, que defende Alexandre Felipe, o acidente foi uma fatalidade.\u00a0<\/font><\/span> <\/p>\n<p style=\"background: white\" align=\"justify\"><span style=\"font-family: 'Verdana','sans-serif'; font-size: 10pt\"><font color=\"#000000\">&#8220;Ele perdeu o pai h\u00e1 uma semana. Esse acidente foi uma fatalidade. Pelo o que eu vi, ele bebeu uma ta\u00e7a de vinho. O local do acidente \u00e9 cheio de buraco e escuro. Uma bicicleta apareceu do nada e bateu no carro&#8221;, disse Ign\u00e1cio.\u00a0<\/font><\/span><\/p>\n<p><span style=\"font-family: 'Verdana','sans-serif'; font-size: 10pt\"><font color=\"#000000\"><span style=\"line-height: 115%; font-family: 'Verdana','sans-serif'; font-size: 10pt\">Fonte: JB<\/span><\/font><\/span><\/p>\n","protected":false},"excerpt":{"rendered":"<p>O ex-coordenador da Lei Seca no Tr\u00e2nsito e subsecret\u00e1rio de governo da Regi\u00e3o Metropolitana do Rio de Janeiro, Alexandre Felipe, vai responder por homic\u00eddio pelo atropelamento de uma pessoa em Niter\u00f3i. Al\u00e9m da v\u00edtima fatal, o subsecret\u00e1rio ainda atropelou outras tr\u00eas pessoas no incidente. Alexandre Felipe tinha consumido \u00e1lcool antes de dirigir.\u00a0<\/p>\n","protected":false},"author":1,"featured_media":0,"comment_status":"open","ping_status":"open","sticky":false,"template":"","format":"standard","meta":{"footnotes":""},"categories":[15],"tags":[],"class_list":["post-1782","post","type-post","status-publish","format-standard","hentry","category-c34-gerais"],"_links":{"self":[{"href":"https:\/\/sinservregional.com.br\/site\/index.php?rest_route=\/wp\/v2\/posts\/1782","targetHints":{"allow":["GET"]}}],"collection":[{"href":"https:\/\/sinservregional.com.br\/site\/index.php?rest_route=\/wp\/v2\/posts"}],"about":[{"href":"https:\/\/sinservregional.com.br\/site\/index.php?rest_route=\/wp\/v2\/types\/post"}],"author":[{"embeddable":true,"href":"https:\/\/sinservregional.com.br\/site\/index.php?rest_route=\/wp\/v2\/users\/1"}],"replies":[{"embeddable":true,"href":"https:\/\/sinservregional.com.br\/site\/index.php?rest_route=%2Fwp%2Fv2%2Fcomments&post=1782"}],"version-history":[{"count":0,"href":"https:\/\/sinservregional.com.br\/site\/index.php?rest_route=\/wp\/v2\/posts\/1782\/revisions"}],"wp:attachment":[{"href":"https:\/\/sinservregional.com.br\/site\/index.php?rest_route=%2Fwp%2Fv2%2Fmedia&parent=1782"}],"wp:term":[{"taxonomy":"category","embeddable":true,"href":"https:\/\/sinservregional.com.br\/site\/index.php?rest_route=%2Fwp%2Fv2%2Fcategories&post=1782"},{"taxonomy":"post_tag","embeddable":true,"href":"https:\/\/sinservregional.com.br\/site\/index.php?rest_route=%2Fwp%2Fv2%2Ftags&post=1782"}],"curies":[{"name":"wp","href":"https:\/\/api.w.org\/{rel}","templated":true}]}}