{"id":1708,"date":"2011-07-19T16:57:05","date_gmt":"2011-07-19T16:57:05","guid":{"rendered":"http:\/\/sinservregional.com.br\/site\/?p=1708"},"modified":"2011-07-19T16:57:05","modified_gmt":"2011-07-19T16:57:05","slug":"jequie-assembleia-consultiva-de-trabalhadores-em-saude","status":"publish","type":"post","link":"https:\/\/sinservregional.com.br\/site\/?p=1708","title":{"rendered":"Jequi\u00e9: Assembleia consultiva de trabalhadores em sa\u00fade"},"content":{"rendered":"<p><span style=\"line-height: 115%; font-family: 'Verdana','sans-serif'; font-size: 10pt\"><font color=\"#000000\"><\/p>\n<div style=\"text-align: center\"><img loading=\"lazy\" decoding=\"async\" src=\"http:\/\/www.opopularns.com.br\/upload\/noticias\/conferencia-saude.jpg\" border=\"0\" hspace=\"10\" width=\"120\" height=\"73\" align=\"left\" \/><\/div>\n<p align=\"justify\"><span style=\"line-height: 115%; font-family: 'Verdana','sans-serif'; font-size: 10pt\"><font color=\"#000000\">A Secretaria Municipal de Sa\u00fade de Jequi\u00e9 convoca todos os trabalhadores da \u00e1rea de sa\u00fade das esferas municipal, estadual e federal para participarem de uma assembl\u00e9ia consultiva a ser realizada no Audit\u00f3rio da Secretaria Municipal de Sa\u00fade, nesta quarta-feira, 20 de julho de 2011, \u00e0s 14 horas. Pauta: Discutir a problem\u00e1tica enfrentada pelos trabalhadores de sa\u00fade.<\/font><\/span><\/p>\n<p><\/font><\/span><\/p>\n","protected":false},"excerpt":{"rendered":"<p>A Secretaria Municipal de Sa\u00fade de Jequi\u00e9 convoca todos os trabalhadores da \u00e1rea de sa\u00fade das esferas municipal, estadual e federal para participarem de uma assembl\u00e9ia consultiva a ser realizada no Audit\u00f3rio da Secretaria Municipal de Sa\u00fade, nesta quarta-feira, 20 de julho de 2011, \u00e0s 14 horas. Pauta: Discutir a problem\u00e1tica enfrentada pelos trabalhadores de &hellip; <\/p>\n","protected":false},"author":1,"featured_media":0,"comment_status":"open","ping_status":"open","sticky":false,"template":"","format":"standard","meta":{"footnotes":""},"categories":[15],"tags":[],"class_list":["post-1708","post","type-post","status-publish","format-standard","hentry","category-c34-gerais"],"_links":{"self":[{"href":"https:\/\/sinservregional.com.br\/site\/index.php?rest_route=\/wp\/v2\/posts\/1708","targetHints":{"allow":["GET"]}}],"collection":[{"href":"https:\/\/sinservregional.com.br\/site\/index.php?rest_route=\/wp\/v2\/posts"}],"about":[{"href":"https:\/\/sinservregional.com.br\/site\/index.php?rest_route=\/wp\/v2\/types\/post"}],"author":[{"embeddable":true,"href":"https:\/\/sinservregional.com.br\/site\/index.php?rest_route=\/wp\/v2\/users\/1"}],"replies":[{"embeddable":true,"href":"https:\/\/sinservregional.com.br\/site\/index.php?rest_route=%2Fwp%2Fv2%2Fcomments&post=1708"}],"version-history":[{"count":0,"href":"https:\/\/sinservregional.com.br\/site\/index.php?rest_route=\/wp\/v2\/posts\/1708\/revisions"}],"wp:attachment":[{"href":"https:\/\/sinservregional.com.br\/site\/index.php?rest_route=%2Fwp%2Fv2%2Fmedia&parent=1708"}],"wp:term":[{"taxonomy":"category","embeddable":true,"href":"https:\/\/sinservregional.com.br\/site\/index.php?rest_route=%2Fwp%2Fv2%2Fcategories&post=1708"},{"taxonomy":"post_tag","embeddable":true,"href":"https:\/\/sinservregional.com.br\/site\/index.php?rest_route=%2Fwp%2Fv2%2Ftags&post=1708"}],"curies":[{"name":"wp","href":"https:\/\/api.w.org\/{rel}","templated":true}]}}