{"id":1706,"date":"2011-07-19T11:18:10","date_gmt":"2011-07-19T11:18:10","guid":{"rendered":"http:\/\/sinservregional.com.br\/site\/?p=1706"},"modified":"2011-07-19T11:18:10","modified_gmt":"2011-07-19T11:18:10","slug":"obama-prorroga-lei-e-mantem-intacto-bloqueio-contra-cuba","status":"publish","type":"post","link":"https:\/\/sinservregional.com.br\/site\/?p=1706","title":{"rendered":"Obama prorroga lei e mant\u00e9m intacto bloqueio contra Cuba"},"content":{"rendered":"<p><span style=\"font-family: 'Verdana','sans-serif'; font-size: 10pt\"><font color=\"#000000\"><\/p>\n<div style=\"text-align: center\"><img loading=\"lazy\" decoding=\"async\" src=\"http:\/\/1.bp.blogspot.com\/_17Krh1yMLaU\/TJwCGYUE2cI\/AAAAAAAACes\/hA0HoAwJ3C8\/s1600\/ngbcimages.jpg\" border=\"0\" hspace=\"10\" width=\"120\" height=\"91\" align=\"left\" \/><\/div>\n<p align=\"justify\"><span style=\"font-family: 'Verdana','sans-serif'; font-size: 10pt\"><font color=\"#000000\">O presidente dos Estados Unidos, Barack Obama, informou, na \u00faltima sexta-feira (15), ao Congresso do seu pa\u00eds, que prorrogou por mais seis meses a suspens\u00e3o de uma cl\u00e1usula da Lei Helms-Burton que permite entrar com um processo contra as empresas estrangeiras que negociem com Cuba. A a\u00e7\u00e3o unilateral do governo dos EUA representa a continuidade do cruel bloqueio contra a ilha, que j\u00e1 dura mais de cinco d\u00e9cadas.<\/font><\/span> <\/p>\n<p><\/font><\/span> <!--more--> <\/p>\n<p style=\"margin: 0cm 0cm 10pt\" class=\"MsoNormal\" align=\"justify\"><span style=\"line-height: 115%; font-family: 'Verdana','sans-serif'; font-size: 10pt\"><font color=\"#000000\">A disposi\u00e7\u00e3o est\u00e1 inclu\u00edda no Cap\u00edtulo III da Lei Helms-Burton de 1996 e acrescenta maior rigor ao bloqueio imposto pela Casa Branca, que \u00e9 mantido por sucessivos governos, sejam eles democratas ou republicanos.<\/p>\n<p>Em carta aos presidentes dos comit\u00eas de dota\u00e7\u00f5es e de rela\u00e7\u00f5es exteriores em ambas as c\u00e2maras do Congresso, Obama indica que a prorroga\u00e7\u00e3o de seis meses se aplicar\u00e1 a partir de 1\u00ba de agosto.<\/p>\n<p>Segundo Obama, a prorroga\u00e7\u00e3o da suspens\u00e3o \u00e9 &#8220;necess\u00e1ria para os interesses nacionais dos Estados Unidos e acelerar\u00e1 a transi\u00e7\u00e3o \u00e0 democracia em Cuba&#8221;. Foi o mesmo argumento utilizado no ano passado. Dessa maneira, o chefete da Casa Branca confessa descaradamente que o objetivo do seu imp\u00e9rio \u00e9 derrubar o sistema pol\u00edtico e social socialista cubano.<\/p>\n<p>A lei Helms-Burton, com um car\u00e1ter marcadamente extraterritorial, pune as empresas estrangeiras que fazem neg\u00f3cios em Cuba; permite entrar com um processo contra companhias e pessoas que usem bens desapropriados pelo governo cubano a cidad\u00e3os e empresas estadunidenses e nega a entrada nos EUA de diretores dessas empresas.<\/p>\n<p>A renova\u00e7\u00e3o da ordem \u00e9 mais do mesmo, pois os presidentes anteriores a Obama\u00a0\u2013 Bill Clinton e George W. Bush\u00a0\u2013 j\u00e1 tinham feito a anual prorroga\u00e7\u00e3o sem cerim\u00f4nias. Assim, Obama\u00a0\u2013 que, ao assumir, pregou um recome\u00e7o nas rela\u00e7\u00f5es com a Am\u00e9rica Latina\u00a0\u2013 prossegue, sem mudan\u00e7as, na mesma linha de seus antecessores, ratificando esta incongruente legisla\u00e7\u00e3o. <\/p>\n<p>A pol\u00edtica dos Estados Unidos contra Cuba n\u00e3o tem sustento \u00e9tico ou legal algum e \u00e9 contr\u00e1ria ao direito internacional. Tampouco possui o apoio de outras na\u00e7\u00f5es. O bloqueio \u00e0 ilha j\u00e1 foi condenado 19 vezes na Assembleia Geral da ONU. Mais de 180 pa\u00edses e organismos especializados do sistema das Na\u00e7\u00f5es Unidas explicitam sua oposi\u00e7\u00e3o a essa pol\u00edtica.<\/p>\n<p>O dano econ\u00f4mico direto causado ao povo cubano pela aplica\u00e7\u00e3o do bloqueio supera, nesses 50 anos, os US$ 751 bilh\u00f5es, no valor atual dessa moeda. Os preju\u00edzos, contudo, n\u00e3o s\u00e3o apenas financeiros, estendem-se por v\u00e1rias \u00e1reas, como a da sa\u00fade, por exemplo.<\/p>\n<p>&#8220;As crian\u00e7as cubanas n\u00e3o podem dispor do medicamento Sevoflurane, o mais avan\u00e7ado agente anest\u00e9sico geral inalat\u00f3rio, porque seu fabricante, a companhia norte-americana Abbot, est\u00e1 proibida de vender a Cuba&#8221;, exemplificou na Assembleia Geral da ONU o chanceler Bruno Rodriguez. Esse \u00e9 um dos elementos que faz com que a ilha classifique a pol\u00edtica norte-americana como genocida, j\u00e1 que muitas mortes poderiam ser evitadas sem o bloqueio.<\/p>\n<p>Os Estados Unidos, ent\u00e3o, submetem a popula\u00e7\u00e3o de Cuba \u00e0 falta de desenvolvimento, \u00e0s doen\u00e7as, e a demais mazelas, com o objetivo de for\u00e7ar uma mudan\u00e7a pol\u00edtica do regime socialista cubano. Para a superpot\u00eancia imperialista, tudo o que n\u00e3o conduza ao estabelecimento de um regime que se subordina aos seus interesses ser\u00e1 insuficiente para encerrar esta pol\u00edtica contra o povo cubano.<\/p>\n<p>O bloqueio dos Estados Unidos a Cuba \u00e9 criminoso e atenta contra a soberania e a autodetermina\u00e7\u00e3o do pa\u00eds, que tem todo o direito de escolher o seu pr\u00f3prio sistema pol\u00edtico e a maneira de organizar a sociedade. O bloqueio viola grosseiramente o direito internacional e \u00e9 mais um ato da pol\u00edtica intervencionista dos Estados Unidos.<\/p>\n<p>O movimento social brasileiro tem condenado em diferentes oportunidades o bloqueio dos Estados Unidos a Cuba. Em junho \u00faltimo a Conven\u00e7\u00e3o Nacional de Solidariedade a Cuba pronunciou-se claramente contra o bloqueio. O Centro Brasileiro de Solidariedade aos Povos e Luta pela Paz (Cebrapaz) realizou tamb\u00e9m em junho um semin\u00e1rio internacional, cuja declara\u00e7\u00e3o final exige o fim do criminoso bloqueio. Socorro Gomes, presidente do Conselho Mundial da Paz, declarou que a prorroga\u00e7\u00e3o da Lei Helms-Burton por Barack Obama \u201cmostra o falso democrata que ele \u00e9 e dissipa todas as ilus\u00f5es na atual administra\u00e7\u00e3o dos Estados Unidos\u201d. Socorro disse ainda que com este gesto \u201cObama se iguala aos seus predecessores e se candidata a ter o mesmo destino \u2013 o lixo da Hist\u00f3ria\u201d.<\/p>\n<p>Da Reda\u00e7\u00e3o, com ag\u00eancias<\/font><br \/><\/span><\/p>\n<p style=\"margin: 0cm 0cm 10pt\" class=\"MsoNormal\" align=\"justify\"><span style=\"line-height: 115%; font-family: 'Verdana','sans-serif'; font-size: 10pt\"><font color=\"#999999\">(Vermelho)<\/font><br \/><\/span><\/p>\n","protected":false},"excerpt":{"rendered":"<p>O presidente dos Estados Unidos, Barack Obama, informou, na \u00faltima sexta-feira (15), ao Congresso do seu pa\u00eds, que prorrogou por mais seis meses a suspens\u00e3o de uma cl\u00e1usula da Lei Helms-Burton que permite entrar com um processo contra as empresas estrangeiras que negociem com Cuba. A a\u00e7\u00e3o unilateral do governo dos EUA representa a continuidade &hellip; <\/p>\n","protected":false},"author":1,"featured_media":0,"comment_status":"open","ping_status":"open","sticky":false,"template":"","format":"standard","meta":{"footnotes":""},"categories":[15],"tags":[],"class_list":["post-1706","post","type-post","status-publish","format-standard","hentry","category-c34-gerais"],"_links":{"self":[{"href":"https:\/\/sinservregional.com.br\/site\/index.php?rest_route=\/wp\/v2\/posts\/1706","targetHints":{"allow":["GET"]}}],"collection":[{"href":"https:\/\/sinservregional.com.br\/site\/index.php?rest_route=\/wp\/v2\/posts"}],"about":[{"href":"https:\/\/sinservregional.com.br\/site\/index.php?rest_route=\/wp\/v2\/types\/post"}],"author":[{"embeddable":true,"href":"https:\/\/sinservregional.com.br\/site\/index.php?rest_route=\/wp\/v2\/users\/1"}],"replies":[{"embeddable":true,"href":"https:\/\/sinservregional.com.br\/site\/index.php?rest_route=%2Fwp%2Fv2%2Fcomments&post=1706"}],"version-history":[{"count":0,"href":"https:\/\/sinservregional.com.br\/site\/index.php?rest_route=\/wp\/v2\/posts\/1706\/revisions"}],"wp:attachment":[{"href":"https:\/\/sinservregional.com.br\/site\/index.php?rest_route=%2Fwp%2Fv2%2Fmedia&parent=1706"}],"wp:term":[{"taxonomy":"category","embeddable":true,"href":"https:\/\/sinservregional.com.br\/site\/index.php?rest_route=%2Fwp%2Fv2%2Fcategories&post=1706"},{"taxonomy":"post_tag","embeddable":true,"href":"https:\/\/sinservregional.com.br\/site\/index.php?rest_route=%2Fwp%2Fv2%2Ftags&post=1706"}],"curies":[{"name":"wp","href":"https:\/\/api.w.org\/{rel}","templated":true}]}}