{"id":1695,"date":"2011-07-12T11:02:23","date_gmt":"2011-07-12T11:02:23","guid":{"rendered":"http:\/\/sinservregional.com.br\/site\/?p=1695"},"modified":"2011-07-12T11:02:23","modified_gmt":"2011-07-12T11:02:23","slug":"uma-empresa-pode-interferir-na-aparencia-do-funcionario","status":"publish","type":"post","link":"https:\/\/sinservregional.com.br\/site\/?p=1695","title":{"rendered":"Uma empresa pode interferir na apar\u00eancia do funcion\u00e1rio?"},"content":{"rendered":"<p><span style=\"font-family: 'Verdana','sans-serif'; font-size: 10pt\"><font color=\"#000000\"><\/p>\n<div style=\"text-align: center\"><img loading=\"lazy\" decoding=\"async\" src=\"http:\/\/www.atarde.com.br\/cidadaoreporter\/wp-content\/uploads\/2011\/07\/fotosbarba355x250.jpg\" border=\"0\" hspace=\"10\" width=\"120\" height=\"85\" align=\"left\" \/><\/div>\n<p align=\"justify\"><span style=\"font-family: 'Verdana','sans-serif'; font-size: 10pt\"><font color=\"#000000\">A decis\u00e3o tomada ontem por ju\u00edzes do Tribunal Regional do Trabalho (TRT) da 5\u00aa Regi\u00e3o, em Salvador, j\u00e1 vem causando pol\u00eamica. Eles derrubaram uma senten\u00e7a de 2010, em primeira inst\u00e2ncia, na qual o Bradesco havia sido condenado a pagar uma indeniza\u00e7\u00e3o de R$ 100 mil por proibir seus funcion\u00e1rios de usar barba.<\/font><\/span> <\/p>\n<p><\/font><\/span> <!--more--> <\/p>\n<p align=\"justify\"><span style=\"font-family: 'Verdana','sans-serif'; font-size: 10pt\"><font color=\"#000000\">A disputa pelo \u201cuso\u201d da barba nas depend\u00eancias do banco j\u00e1 completa tr\u00eas anos. Em 2008, o Minist\u00e9rio P\u00fablico Estadual (MP-BA) entrou com uma a\u00e7\u00e3o contra o Bradesco ap\u00f3s diversos funcion\u00e1rios reclamarem da determina\u00e7\u00e3o da empresa.<\/font><\/span><\/p>\n<p align=\"justify\"><span style=\"font-family: 'Verdana','sans-serif'; font-size: 10pt\"><font color=\"#000000\">Em 2010, o juiz da 7\u00aa Vara do Trabalho de Salvador, Guilherme Ludwig, afirmou que a proibi\u00e7\u00e3o da barba feria a Constitui\u00e7\u00e3o Federal, que garante o direito de intimidade, vida privada, honra e imagem da pessoa.<\/font><\/span><\/p>\n<p align=\"justify\"><span style=\"font-family: 'Verdana','sans-serif'; font-size: 10pt\"><font color=\"#000000\">J\u00e1 na decis\u00e3o divulgada nesta quarta-feira (06), a relatora do processo, Maria das Gra\u00e7as Boness, disse que n\u00e3o houve discrimina\u00e7\u00e3o nem uma determina\u00e7\u00e3o expl\u00edcita para que os funcion\u00e1rios tirassem a barba. Ela afirmou que mesmo uma eventual norma que proibisse o uso de barba n\u00e3o seria abusiva, pois n\u00e3o estaria fora do \u201cpoder diretivo do empregador\u201d.<\/font><\/span><\/p>\n<p align=\"justify\"><span style=\"font-family: 'Verdana','sans-serif'; font-size: 10pt\"><font color=\"#000000\">Procurado, o Bradesco disse que n\u00e3o comentaria o caso, pois ainda est\u00e1 sub j\u00fadice. Em sua defesa no processo, o banco chegou a apresentar uma pesquisa segundo a qual 81% dos entrevistados declararam que a barba \u201cpiora a apar\u00eancia e\/ou charme\u201d. No entanto, apenas executivos foram ouvidos para a pesquisa.<\/font><\/span> <\/p>\n<p><font color=\"#999999\">(A Tarde)<\/font><\/p>\n","protected":false},"excerpt":{"rendered":"<p>A decis\u00e3o tomada ontem por ju\u00edzes do Tribunal Regional do Trabalho (TRT) da 5\u00aa Regi\u00e3o, em Salvador, j\u00e1 vem causando pol\u00eamica. Eles derrubaram uma senten\u00e7a de 2010, em primeira inst\u00e2ncia, na qual o Bradesco havia sido condenado a pagar uma indeniza\u00e7\u00e3o de R$ 100 mil por proibir seus funcion\u00e1rios de usar barba.<\/p>\n","protected":false},"author":1,"featured_media":0,"comment_status":"open","ping_status":"open","sticky":false,"template":"","format":"standard","meta":{"footnotes":""},"categories":[15],"tags":[],"class_list":["post-1695","post","type-post","status-publish","format-standard","hentry","category-c34-gerais"],"_links":{"self":[{"href":"https:\/\/sinservregional.com.br\/site\/index.php?rest_route=\/wp\/v2\/posts\/1695","targetHints":{"allow":["GET"]}}],"collection":[{"href":"https:\/\/sinservregional.com.br\/site\/index.php?rest_route=\/wp\/v2\/posts"}],"about":[{"href":"https:\/\/sinservregional.com.br\/site\/index.php?rest_route=\/wp\/v2\/types\/post"}],"author":[{"embeddable":true,"href":"https:\/\/sinservregional.com.br\/site\/index.php?rest_route=\/wp\/v2\/users\/1"}],"replies":[{"embeddable":true,"href":"https:\/\/sinservregional.com.br\/site\/index.php?rest_route=%2Fwp%2Fv2%2Fcomments&post=1695"}],"version-history":[{"count":0,"href":"https:\/\/sinservregional.com.br\/site\/index.php?rest_route=\/wp\/v2\/posts\/1695\/revisions"}],"wp:attachment":[{"href":"https:\/\/sinservregional.com.br\/site\/index.php?rest_route=%2Fwp%2Fv2%2Fmedia&parent=1695"}],"wp:term":[{"taxonomy":"category","embeddable":true,"href":"https:\/\/sinservregional.com.br\/site\/index.php?rest_route=%2Fwp%2Fv2%2Fcategories&post=1695"},{"taxonomy":"post_tag","embeddable":true,"href":"https:\/\/sinservregional.com.br\/site\/index.php?rest_route=%2Fwp%2Fv2%2Ftags&post=1695"}],"curies":[{"name":"wp","href":"https:\/\/api.w.org\/{rel}","templated":true}]}}