{"id":1571,"date":"2011-05-16T17:39:20","date_gmt":"2011-05-16T17:39:20","guid":{"rendered":"http:\/\/sinservregional.com.br\/site\/?p=1571"},"modified":"2011-05-16T17:39:20","modified_gmt":"2011-05-16T17:39:20","slug":"tony-palocci-a-casa-civil-caiu","status":"publish","type":"post","link":"https:\/\/sinservregional.com.br\/site\/?p=1571","title":{"rendered":"Tony Palocci, a casa (civil) caiu"},"content":{"rendered":"<p><span style=\"font-family: 'Verdana','sans-serif'; font-size: 10pt\"><font color=\"#000000\"><\/p>\n<div style=\"text-align: center\"><img loading=\"lazy\" decoding=\"async\" src=\"http:\/\/www.conversaafiada.com.br\/wp-content\/uploads\/2011\/05\/dilma-reclama_tv.jpg\" border=\"0\" hspace=\"10\" width=\"120\" height=\"53\" align=\"left\" \/><\/div>\n<p align=\"justify\"><span style=\"font-family: 'Verdana','sans-serif'; font-size: 10pt\"><font color=\"#000000\">Foi a presidenta da Rep\u00fablica que, ao assumir, disse que seria implac\u00e1vel com a corrup\u00e7\u00e3o. <\/font><\/span><span style=\"font-family: 'Verdana','sans-serif'; font-size: 10pt\"><font color=\"#000000\">Tony Palocci j\u00e1 trazia no curr\u00edculo o epis\u00f3dio da viola\u00e7\u00e3o do sigilo do caseiro Francenildo. <\/font><\/span><span style=\"font-family: 'Verdana','sans-serif'; font-size: 10pt\"><font color=\"#000000\">Como Ministro da Fazenda, manteve no cargo de presidente da CVM um s\u00f3cio e advogado de Daniel Dantas e o substituiu por um s\u00f3cio do s\u00f3cio e advogado de Dantas.<\/font><\/span> <\/p>\n<p><\/font><\/span> <!--more--> <\/p>\n<p align=\"justify\"><span style=\"font-family: 'Verdana','sans-serif'; font-size: 10pt\"><font color=\"#000000\">Depois, numa conversa devidamente wikileakada com o embaixador americano, se ofereceu para defender a ALCA, contra a posi\u00e7\u00e3o do Presidente Lula e de seu colega de Minist\u00e9rio, o grande chanceler Celso Amorim.<\/font><\/span><span style=\"font-family: 'Verdana','sans-serif'; font-size: 10pt\"><font color=\"#000000\">Em <\/font><a href=\"http:\/\/www.conversaafiada.com.br\/politica\/2011\/05\/12\/eduardo-campos-2014-e-dilma-bye-bye-cerra\/\" target=\"_blank\"><strong><span style=\"font-family: 'Verdana','sans-serif'; color: windowtext; text-decoration: none; text-underline: none\">importante entrevista ao Valor<\/span><\/strong><\/a><font color=\"#000000\">, Eduardo Campos (que previu a elei\u00e7\u00e3o de Dilma em 2014 e, portanto, o fim da carreira de Padim Pade Cerra) fez aguda interpreta\u00e7\u00e3o dos votos de Bl\u00e1-Bl\u00e1Rina no primeiro turno de 2010.<\/font><\/span><span style=\"font-family: 'Verdana','sans-serif'; font-size: 10pt\"><font color=\"#000000\">Bl\u00e1-Bl\u00e1Rina acolheu uma parte do eleitorado que queria discutir \u201cvalores\u201d, ou seja, probidade na administra\u00e7\u00e3o p\u00fablica.<\/font><\/span><span style=\"font-family: 'Verdana','sans-serif'; font-size: 10pt\"><font color=\"#000000\">A Presidenta sabe melhor do que ningu\u00e9m que a ex-Chefe da Casa Civil, Erenice Guerra, poderia lhe derrotar.<\/font><\/span><span style=\"font-family: 'Verdana','sans-serif'; font-size: 10pt\"><font color=\"#000000\">Tony Palocci, a casa (civil) caiu.<\/font><\/span><span style=\"font-family: 'Verdana','sans-serif'; font-size: 10pt\"><font color=\"#000000\">Pede pra sair !<\/font><\/span><span style=\"font-family: 'Verdana','sans-serif'; font-size: 10pt\"><font color=\"#000000\">Volta para Ribeir\u00e3o !<\/font><\/span><span style=\"font-family: 'Verdana','sans-serif'; font-size: 10pt\"><font color=\"#000000\">Daqui a dois anos tem elei\u00e7\u00e3o para vereador.<\/font><\/span><span style=\"font-family: 'Verdana','sans-serif'; font-size: 10pt\"><font color=\"#000000\">(Esse PT de S\u00e3o Paulo \u00e9 o mesmo que acaba de readmitir o Del\u00fabio,<\/font><a href=\"http:\/\/www.conversaafiada.com.br\/brasil\/2011\/03\/12\/delubio-pt-tem-que-acertar-contas-com-daniel-dantas\/\" target=\"_blank\"><strong><span style=\"font-family: 'Verdana','sans-serif'; color: windowtext; text-decoration: none; text-underline: none\"> antes de acertar as contas com o dantasduto<\/span><\/strong><\/a><font color=\"#000000\">).<\/font><\/span><strong><span style=\"font-family: 'Verdana','sans-serif'; font-size: 10pt\"><font color=\"#000000\">Em tempo:<\/font><\/span><\/strong><span style=\"font-family: 'Verdana','sans-serif'; font-size: 10pt\"><font color=\"#000000\"> Tony, como se sabe, <\/font><a href=\"http:\/\/www.conversaafiada.com.br\/brasil\/2011\/01\/07\/tony-palocci-foi-quem-salvou-a-globo-da-concordata\/\" target=\"_blank\"><strong><span style=\"font-family: 'Verdana','sans-serif'; color: windowtext; text-decoration: none; text-underline: none\">foi quem salvou a Globo da concordata<\/span><\/strong><\/a><font color=\"#000000\">. De Ribeir\u00e3o ele poder\u00e1 voltar a escrever not\u00e1veis artigos no Globo, onde desempenha o papel de Paul Krugman.<\/p>\n<p><strong><span style=\"font-family: 'Verdana','sans-serif'\">Paulo Henrique Amorim<\/span><\/strong><\/font><\/span><span style=\"line-height: 115%; font-family: 'Verdana','sans-serif'; font-size: 10pt\"><font color=\"#000000\">\u00a0<\/font><\/span><span style=\"line-height: 115%; font-family: 'Verdana','sans-serif'; font-size: 10pt\"><font color=\"#000000\">\u00a0<\/font><\/span><span style=\"line-height: 115%; font-family: 'Verdana','sans-serif'; font-size: 10pt\"><font color=\"#000000\">\u00a0<\/font><\/span><span style=\"line-height: 115%; font-family: 'Verdana','sans-serif'; font-size: 10pt\"><font color=\"#000000\">\u00a0<\/font><\/span><\/p>\n","protected":false},"excerpt":{"rendered":"<p>Foi a presidenta da Rep\u00fablica que, ao assumir, disse que seria implac\u00e1vel com a corrup\u00e7\u00e3o. Tony Palocci j\u00e1 trazia no curr\u00edculo o epis\u00f3dio da viola\u00e7\u00e3o do sigilo do caseiro Francenildo. Como Ministro da Fazenda, manteve no cargo de presidente da CVM um s\u00f3cio e advogado de Daniel Dantas e o substituiu por um s\u00f3cio do &hellip; <\/p>\n","protected":false},"author":1,"featured_media":0,"comment_status":"open","ping_status":"open","sticky":false,"template":"","format":"standard","meta":{"footnotes":""},"categories":[15],"tags":[],"class_list":["post-1571","post","type-post","status-publish","format-standard","hentry","category-c34-gerais"],"_links":{"self":[{"href":"https:\/\/sinservregional.com.br\/site\/index.php?rest_route=\/wp\/v2\/posts\/1571","targetHints":{"allow":["GET"]}}],"collection":[{"href":"https:\/\/sinservregional.com.br\/site\/index.php?rest_route=\/wp\/v2\/posts"}],"about":[{"href":"https:\/\/sinservregional.com.br\/site\/index.php?rest_route=\/wp\/v2\/types\/post"}],"author":[{"embeddable":true,"href":"https:\/\/sinservregional.com.br\/site\/index.php?rest_route=\/wp\/v2\/users\/1"}],"replies":[{"embeddable":true,"href":"https:\/\/sinservregional.com.br\/site\/index.php?rest_route=%2Fwp%2Fv2%2Fcomments&post=1571"}],"version-history":[{"count":0,"href":"https:\/\/sinservregional.com.br\/site\/index.php?rest_route=\/wp\/v2\/posts\/1571\/revisions"}],"wp:attachment":[{"href":"https:\/\/sinservregional.com.br\/site\/index.php?rest_route=%2Fwp%2Fv2%2Fmedia&parent=1571"}],"wp:term":[{"taxonomy":"category","embeddable":true,"href":"https:\/\/sinservregional.com.br\/site\/index.php?rest_route=%2Fwp%2Fv2%2Fcategories&post=1571"},{"taxonomy":"post_tag","embeddable":true,"href":"https:\/\/sinservregional.com.br\/site\/index.php?rest_route=%2Fwp%2Fv2%2Ftags&post=1571"}],"curies":[{"name":"wp","href":"https:\/\/api.w.org\/{rel}","templated":true}]}}