{"id":1523,"date":"2011-04-20T09:45:43","date_gmt":"2011-04-20T09:45:43","guid":{"rendered":"http:\/\/sinservregional.com.br\/site\/?p=1523"},"modified":"2011-04-20T09:45:43","modified_gmt":"2011-04-20T09:45:43","slug":"assembleia-com-servidores-da-educacao-categoria-reivindica-por-pagamento-de-horas-extras","status":"publish","type":"post","link":"https:\/\/sinservregional.com.br\/site\/?p=1523","title":{"rendered":"ASSEMBL\u00c9IA COM SERVIDORES DA EDUCA\u00c7\u00c3O: Categoria reivindica por pagamento de horas extras"},"content":{"rendered":"<p><span style=\"line-height: 115%; font-family: 'Verdana','sans-serif'; font-size: 10pt\"><font color=\"#000000\"><span style=\"line-height: 115%; font-family: 'Verdana','sans-serif'; font-size: 10pt\"><\/p>\n<div style=\"text-align: center\"><img loading=\"lazy\" decoding=\"async\" src=\"http:\/\/www.gicult.com.br\/images\/sinserv.jpg\" border=\"0\" hspace=\"10\" width=\"120\" height=\"80\" align=\"left\" \/><\/div>\n<p align=\"justify\"><span style=\"line-height: 115%; font-family: 'Verdana','sans-serif'; font-size: 10pt\"><font color=\"#000000\"><span style=\"line-height: 115%; font-family: 'Verdana','sans-serif'; font-size: 10pt\">Com a edi\u00e7\u00e3o de diversos decretos, o executivo municipal cortou o pagamento das horas extras trabalhadas, fazendo com que os servidores trabalhassem aos s\u00e1bados, recebendo como pagamento a compensa\u00e7\u00e3o dos dias trabalhados a mais em folgas. <\/span><\/font><\/span><\/p>\n<p><\/span><\/font><\/span> <!--more--> <\/p>\n<p align=\"justify\">\u00a0<span style=\"line-height: 115%; font-family: 'Verdana','sans-serif'; font-size: 10pt\">Ap\u00f3s a Campanha Salarial dos professores seguida de greve, foi exigido pelo executivo municipal que os servidores (que trabalham nas Escolas) trabalhassem al\u00e9m da jornada, recebendo as indeniza\u00e7\u00f5es em folgas. <\/span><span style=\"line-height: 115%; font-family: 'Verdana','sans-serif'; font-size: 10pt\">Em assembl\u00e9ia realizada na sede do SINSERV nesta segunda-feira (18\/04\/2011), os servidores que trabalham na Secretaria de Educa\u00e7\u00e3o decidiram por n\u00e3o mais compensarem as horas extras trabalhadas por folgas. <\/span><span style=\"line-height: 115%; font-family: 'Verdana','sans-serif'; font-size: 10pt\">A assembl\u00e9ia rejeitou a proposta da secretaria de educa\u00e7\u00e3o, deliberando que o trabalho, al\u00e9m da jornada de 30 horas semanal e 120 mensal, s\u00f3 ser\u00e1 feito com O PAGAMENTO DE HORAS EXTRAS.<\/span><\/p>\n<p align=\"justify\"><span style=\"line-height: 115%; font-family: 'Verdana','sans-serif'; font-size: 10pt\">Na oportunidade foram discutidos v\u00e1rios assuntos, como o adicional de insalubridade, adicional noturno, Plano de Cargos, Carreira e Sal\u00e1rios, dentre outros assuntos de interesse da categoria.<\/span><span style=\"line-height: 115%; font-family: 'Verdana','sans-serif'; font-size: 10pt\">Foi formada uma Comiss\u00e3o composta pelos diretores do SINSERV e duas servidoras da base, que apresentar\u00e3o as delibera\u00e7\u00f5es da assembl\u00e9ia a Secret\u00e1ria de Educa\u00e7\u00e3o, Professora Mirian Rotandano, nesta quarta-feira, \u00e0s 14 horas. <\/span><span style=\"line-height: 115%; font-family: 'Verdana','sans-serif'; font-size: 10pt\">\u00a0<\/span><span style=\"line-height: 115%; font-family: 'Verdana','sans-serif'; font-size: 10pt\">\u00a0<\/span><span style=\"line-height: 115%; font-family: 'Verdana','sans-serif'; font-size: 10pt\">\u00a0<\/span> <\/p>\n<p style=\"margin: 0cm 0cm 10pt\" class=\"MsoNormal\">\u00a0<\/p>\n","protected":false},"excerpt":{"rendered":"<p>Com a edi\u00e7\u00e3o de diversos decretos, o executivo municipal cortou o pagamento das horas extras trabalhadas, fazendo com que os servidores trabalhassem aos s\u00e1bados, recebendo como pagamento a compensa\u00e7\u00e3o dos dias trabalhados a mais em folgas.<\/p>\n","protected":false},"author":1,"featured_media":0,"comment_status":"open","ping_status":"open","sticky":false,"template":"","format":"standard","meta":{"footnotes":""},"categories":[15],"tags":[],"class_list":["post-1523","post","type-post","status-publish","format-standard","hentry","category-c34-gerais"],"_links":{"self":[{"href":"https:\/\/sinservregional.com.br\/site\/index.php?rest_route=\/wp\/v2\/posts\/1523","targetHints":{"allow":["GET"]}}],"collection":[{"href":"https:\/\/sinservregional.com.br\/site\/index.php?rest_route=\/wp\/v2\/posts"}],"about":[{"href":"https:\/\/sinservregional.com.br\/site\/index.php?rest_route=\/wp\/v2\/types\/post"}],"author":[{"embeddable":true,"href":"https:\/\/sinservregional.com.br\/site\/index.php?rest_route=\/wp\/v2\/users\/1"}],"replies":[{"embeddable":true,"href":"https:\/\/sinservregional.com.br\/site\/index.php?rest_route=%2Fwp%2Fv2%2Fcomments&post=1523"}],"version-history":[{"count":0,"href":"https:\/\/sinservregional.com.br\/site\/index.php?rest_route=\/wp\/v2\/posts\/1523\/revisions"}],"wp:attachment":[{"href":"https:\/\/sinservregional.com.br\/site\/index.php?rest_route=%2Fwp%2Fv2%2Fmedia&parent=1523"}],"wp:term":[{"taxonomy":"category","embeddable":true,"href":"https:\/\/sinservregional.com.br\/site\/index.php?rest_route=%2Fwp%2Fv2%2Fcategories&post=1523"},{"taxonomy":"post_tag","embeddable":true,"href":"https:\/\/sinservregional.com.br\/site\/index.php?rest_route=%2Fwp%2Fv2%2Ftags&post=1523"}],"curies":[{"name":"wp","href":"https:\/\/api.w.org\/{rel}","templated":true}]}}