{"id":1379,"date":"2011-02-10T21:18:51","date_gmt":"2011-02-10T21:18:51","guid":{"rendered":"http:\/\/sinservregional.com.br\/site\/?p=1379"},"modified":"2011-02-10T21:18:51","modified_gmt":"2011-02-10T21:18:51","slug":"convocacao-para-assembleia-geral-extraordinaria","status":"publish","type":"post","link":"https:\/\/sinservregional.com.br\/site\/?p=1379","title":{"rendered":"CONVOCA\u00c7\u00c3O PARA ASSEMBLEIA GERAL EXTRAORDIN\u00c1RIA"},"content":{"rendered":"<p><font color=\"#000000\"><\/p>\n<div style=\"text-align: center\"><img loading=\"lazy\" decoding=\"async\" src=\"http:\/\/gicult.com.br\/blog\/wp-content\/uploads\/2010\/02\/serv-mun-greve-fev-007.jpg\" border=\"0\" hspace=\"10\" vspace=\"10\" width=\"254\" height=\"191\" align=\"absBottom\" \/><\/div>\n<p align=\"justify\"><span style=\"font-family: 'Verdana','sans-serif'; color: black; font-size: 10pt\">O SINSERV &#8211; Sindicato dos Servidores P\u00fablicos Municipais de Jequi\u00e9 e Regi\u00e3o &#8211; Convoca a todos os servidores p\u00fablicos\u00a0do munic\u00edpio de Jequi\u00e9 para\u00a0\u00a0participar de uma Assembl\u00e9ia Geral Extraordin\u00e1ria, dia <strong>14<\/strong> (<strong>segunda-feira<\/strong>) \u00e0s <strong>15 horas<\/strong> na <strong>sede da entidade<\/strong>. Pauta: Mobiliza\u00e7\u00e3o da categoria pela Campanha Salarial 2011.<\/span> <\/p>\n<p><\/font> <!--more--> <\/p>\n<p align=\"justify\"><font color=\"#000000\"><span style=\"line-height: 115%; font-family: 'Verdana','sans-serif'; font-size: 10pt\">O Sindicato dos Servidores Municipais de Jequi\u00e9(SINSERV) luta pelo reajuste salarial que desde o inicio de 2010 ficou na promessa de \u201c<\/span><span style=\"line-height: 115%; font-family: 'Verdana','sans-serif'; font-size: 10pt\">rediscutir a quest\u00e3o daqui a uns <strong>30<\/strong> ou <strong>60<\/strong> dias, pois entendemos que <span>\u00a0<\/span>exista a possibilidade da receita crescer&#8230;\u201d disse o vice-prefeito, Eduardo Lopes, em entrevista ao Gicult no m\u00eas de fevereiro de 2010.<\/span><\/font><\/p>\n<p align=\"justify\"><font color=\"#000000\"><strong><span style=\"line-height: 115%; font-family: 'Verdana','sans-serif'; font-size: 10pt\">365<\/span><\/strong><span style=\"line-height: 115%; font-family: 'Verdana','sans-serif'; font-size: 10pt\"> dias j\u00e1 se passaram e continuamos com a \u201cindeniza\u00e7\u00e3o compesat\u00f3ria\u201d que foi ajustado por apenas <strong>90<\/strong> dias para logo ap\u00f3s o t\u00e9rmino do prazo haver reajuste real dos sal\u00e1rios.<\/span><\/font><span style=\"line-height: 115%; font-family: 'Verdana','sans-serif'; font-size: 10pt\"><font color=\"#000000\">Reivindicamos o <span style=\"color: black\">\u00edndice aplicado ao sal\u00e1rio m\u00ednimo em 2010 de 9.68% mais \u00cdndice aplicado ao m\u00ednimo em 2011.<\/span><\/font><\/span><\/p>\n<p><span style=\"line-height: 115%; font-family: 'Verdana','sans-serif'; font-size: 10pt\"><font color=\"#000000\">O desequil\u00edbrio nos gastos com pessoal n\u00e3o decorre dos efetivos, entendemos que nossa reivindica\u00e7\u00e3o \u00e9 legitima e justa, mas \u00e9 preciso a for\u00e7a e uni\u00e3o de todos os trabalhadores e trabalhadoras.<\/font><\/span><\/p>\n<p><span style=\"line-height: 115%; font-family: 'Verdana','sans-serif'; font-size: 10pt\"><font color=\"#000000\">O SINSERV vai \u00e0 luta, n\u00e3o recuaremos. <\/font><\/span><\/p>\n<p align=\"justify\">\u00a0<\/p>\n","protected":false},"excerpt":{"rendered":"<p>O SINSERV &#8211; Sindicato dos Servidores P\u00fablicos Municipais de Jequi\u00e9 e Regi\u00e3o &#8211; Convoca a todos os servidores p\u00fablicos\u00a0do munic\u00edpio de Jequi\u00e9 para\u00a0\u00a0participar de uma Assembl\u00e9ia Geral Extraordin\u00e1ria, dia 14 (segunda-feira) \u00e0s 15 horas na sede da entidade. Pauta: Mobiliza\u00e7\u00e3o da categoria pela Campanha Salarial 2011.<\/p>\n","protected":false},"author":1,"featured_media":0,"comment_status":"open","ping_status":"open","sticky":false,"template":"","format":"standard","meta":{"footnotes":""},"categories":[15],"tags":[],"class_list":["post-1379","post","type-post","status-publish","format-standard","hentry","category-c34-gerais"],"_links":{"self":[{"href":"https:\/\/sinservregional.com.br\/site\/index.php?rest_route=\/wp\/v2\/posts\/1379","targetHints":{"allow":["GET"]}}],"collection":[{"href":"https:\/\/sinservregional.com.br\/site\/index.php?rest_route=\/wp\/v2\/posts"}],"about":[{"href":"https:\/\/sinservregional.com.br\/site\/index.php?rest_route=\/wp\/v2\/types\/post"}],"author":[{"embeddable":true,"href":"https:\/\/sinservregional.com.br\/site\/index.php?rest_route=\/wp\/v2\/users\/1"}],"replies":[{"embeddable":true,"href":"https:\/\/sinservregional.com.br\/site\/index.php?rest_route=%2Fwp%2Fv2%2Fcomments&post=1379"}],"version-history":[{"count":0,"href":"https:\/\/sinservregional.com.br\/site\/index.php?rest_route=\/wp\/v2\/posts\/1379\/revisions"}],"wp:attachment":[{"href":"https:\/\/sinservregional.com.br\/site\/index.php?rest_route=%2Fwp%2Fv2%2Fmedia&parent=1379"}],"wp:term":[{"taxonomy":"category","embeddable":true,"href":"https:\/\/sinservregional.com.br\/site\/index.php?rest_route=%2Fwp%2Fv2%2Fcategories&post=1379"},{"taxonomy":"post_tag","embeddable":true,"href":"https:\/\/sinservregional.com.br\/site\/index.php?rest_route=%2Fwp%2Fv2%2Ftags&post=1379"}],"curies":[{"name":"wp","href":"https:\/\/api.w.org\/{rel}","templated":true}]}}