{"id":1368,"date":"2011-02-02T11:43:23","date_gmt":"2011-02-02T11:43:23","guid":{"rendered":"http:\/\/sinservregional.com.br\/site\/?p=1368"},"modified":"2011-02-02T11:43:23","modified_gmt":"2011-02-02T11:43:23","slug":"novos-deputados-e-senadores-tomam-posse-para-mandato-ate-2015","status":"publish","type":"post","link":"https:\/\/sinservregional.com.br\/site\/?p=1368","title":{"rendered":"Novos deputados e senadores tomam posse para mandato at\u00e9 2015"},"content":{"rendered":"<div style=\"text-align: center\"><img loading=\"lazy\" decoding=\"async\" src=\"http:\/\/www.agenciasindical.com.br\/imagens\/manchetes\/congresso%20nacional.jpg\" border=\"0\" hspace=\"10\" width=\"125\" height=\"83\" align=\"left\" \/><\/div>\n<p align=\"justify\"><span style=\"font-family: 'Verdana','sans-serif'; font-size: 10pt\"><font color=\"#000000\">Os 513 deputados eleitos no \u00faltimo dia 3 de outubro tomaram posse, nesta ter\u00e7a-feira (1\u00ba), <br \/>em sess\u00e3o iniciada \u00e0s 10 horas no plen\u00e1rio da C\u00e2mara dos Deputados. Eles t\u00eam mandato de quatro anos e ficam no parlamento at\u00e9 31 de janeiro de 2015. Os novos deputados comp\u00f5em a 54\u00aa legislatura. \u00c0s 18 horas, os novos deputados se re\u00fanem em sess\u00e3o convocada para a elei\u00e7\u00e3o da nova Mesa Diretora para o bi\u00eanio 2011\/2013.<\/font><\/span> <\/p>\n<p> <!--more--> <\/p>\n<p align=\"justify\"><span style=\"font-family: 'Verdana','sans-serif'; font-size: 10pt\"><font color=\"#000000\">O atual presidente da Casa, o metal\u00fargico de forma\u00e7\u00e3o e ex-sindicalista Marco Maia (PT-RS),<br \/>\u00e9 candidato \u00e0 reelei\u00e7\u00e3o com o apoio de 21 dos 22 partidos. Os deputados v\u00e3o eleger tamb\u00e9m dois vices-presidentes e quatro secret\u00e1rios, al\u00e9m de tr\u00eas suplentes.<\/font><\/span><\/p>\n<p align=\"justify\"><span style=\"font-family: 'Verdana','sans-serif'; font-size: 10pt\"><font color=\"#000000\">A maioria da nova C\u00e2mara \u00e9 governista. O PT tem a maior bancada, com 88 deputados. Em segundo lugar est\u00e1 o PMDB, com 78, seguido pelo PSDB, com 53; PP, com 44; DEM, com 43; PR, com 40; PSB, com 34; PDT, com 26; PTB, com 22; PSC, com 17; PCdoB, com 15; PV, com 14; PPS, com 12; PRB, com oito; PMN e PTdoB, com quatro cada um; PSOL, com tr\u00eas; PRTB e PRP, com dois; PTC e PSL, com um deputado.<\/font><\/span><\/p>\n<p align=\"justify\"><span style=\"font-family: 'Verdana','sans-serif'; font-size: 10pt\"><font color=\"#000000\">No Senado, 54 novos senadores tamb\u00e9m tomaram posse em sess\u00e3o iniciada \u00e0s 10 horas. Deles, 17 tinham conclu\u00eddo seus mandatos e foram reeleitos; cinco j\u00e1 foram senadores e est\u00e3o retornando; e 32 v\u00e3o estrear na Casa. Ao lado dos 27 que ainda contam com mais quatro anos de mandato, eles elegem o presidente e demais membros da Mesa. O atual presidente, Jos\u00e9 Sarney (PMDB-AP) \u00e9 candidato \u00e0 reelei\u00e7\u00e3o. <\/font><\/span><\/p>\n<p align=\"justify\"><strong><span style=\"font-family: 'Verdana','sans-serif'; font-size: 10pt; font-weight: normal\"><font color=\"#000000\">Mensagem &#8211;<\/font><\/span><\/strong><span style=\"font-family: 'Verdana','sans-serif'; font-size: 10pt\"><font color=\"#000000\"> A sess\u00e3o solene do Congresso Nacional (deputados e senadores), nesta quarta (2), <br \/>\u00e0s 16 horas, abre os trabalhos legislativos deste ano. Na ocasi\u00e3o ser\u00e1 apresentada ao Congresso Nacional a mensagem presidencial, que poder\u00e1 ser levada aos novos congressistas pela presidenta Dilma Rousseff.<\/font><\/span><strong><em><span style=\"font-family: 'Verdana','sans-serif'; font-size: 10pt; font-weight: normal\"><font color=\"#000000\">Mais informa\u00e7\u00f5es:<\/font><\/span><\/em><\/strong><\/p>\n<p align=\"justify\"><span style=\"font-family: 'Verdana','sans-serif'; font-size: 10pt\"><br \/><a href=\"http:\/\/www2.camara.gov.br\/\" target=\"_blank\"><span><font face=\"Arial\" color=\"#000000\">www.camara.gov.br<\/font><\/span><\/a><\/span><span style=\"line-height: 115%; font-family: 'Verdana','sans-serif'; font-size: 10pt\"><font color=\"#000000\">\u00a0<\/font><\/span><\/p>\n","protected":false},"excerpt":{"rendered":"<p>Os 513 deputados eleitos no \u00faltimo dia 3 de outubro tomaram posse, nesta ter\u00e7a-feira (1\u00ba), em sess\u00e3o iniciada \u00e0s 10 horas no plen\u00e1rio da C\u00e2mara dos Deputados. Eles t\u00eam mandato de quatro anos e ficam no parlamento at\u00e9 31 de janeiro de 2015. Os novos deputados comp\u00f5em a 54\u00aa legislatura. \u00c0s 18 horas, os novos &hellip; <\/p>\n","protected":false},"author":1,"featured_media":0,"comment_status":"open","ping_status":"open","sticky":false,"template":"","format":"standard","meta":{"footnotes":""},"categories":[15],"tags":[],"class_list":["post-1368","post","type-post","status-publish","format-standard","hentry","category-c34-gerais"],"_links":{"self":[{"href":"https:\/\/sinservregional.com.br\/site\/index.php?rest_route=\/wp\/v2\/posts\/1368","targetHints":{"allow":["GET"]}}],"collection":[{"href":"https:\/\/sinservregional.com.br\/site\/index.php?rest_route=\/wp\/v2\/posts"}],"about":[{"href":"https:\/\/sinservregional.com.br\/site\/index.php?rest_route=\/wp\/v2\/types\/post"}],"author":[{"embeddable":true,"href":"https:\/\/sinservregional.com.br\/site\/index.php?rest_route=\/wp\/v2\/users\/1"}],"replies":[{"embeddable":true,"href":"https:\/\/sinservregional.com.br\/site\/index.php?rest_route=%2Fwp%2Fv2%2Fcomments&post=1368"}],"version-history":[{"count":0,"href":"https:\/\/sinservregional.com.br\/site\/index.php?rest_route=\/wp\/v2\/posts\/1368\/revisions"}],"wp:attachment":[{"href":"https:\/\/sinservregional.com.br\/site\/index.php?rest_route=%2Fwp%2Fv2%2Fmedia&parent=1368"}],"wp:term":[{"taxonomy":"category","embeddable":true,"href":"https:\/\/sinservregional.com.br\/site\/index.php?rest_route=%2Fwp%2Fv2%2Fcategories&post=1368"},{"taxonomy":"post_tag","embeddable":true,"href":"https:\/\/sinservregional.com.br\/site\/index.php?rest_route=%2Fwp%2Fv2%2Ftags&post=1368"}],"curies":[{"name":"wp","href":"https:\/\/api.w.org\/{rel}","templated":true}]}}