{"id":1354,"date":"2011-01-26T11:31:39","date_gmt":"2011-01-26T11:31:39","guid":{"rendered":"http:\/\/sinservregional.com.br\/site\/?p=1354"},"modified":"2011-01-26T11:31:39","modified_gmt":"2011-01-26T11:31:39","slug":"trabalhador-ganha-horas-extras-por-tempo-gasto-na-troca-de-uniforme","status":"publish","type":"post","link":"https:\/\/sinservregional.com.br\/site\/?p=1354","title":{"rendered":"Trabalhador ganha horas extras por tempo gasto na troca de uniforme"},"content":{"rendered":"<p><span style=\"font-family: 'Verdana','sans-serif'; font-size: 10pt\"><font color=\"#000000\"><\/p>\n<div style=\"text-align: center\"><img loading=\"lazy\" decoding=\"async\" src=\"http:\/\/t1.gstatic.com\/images?q=tbn:ANd9GcTNB5sqb1bBSHwVoR03sJ_9nCirc_75_kYLA2wk8lfD8oZBsj2dtw&#038;t=1\" border=\"0\" hspace=\"10\" width=\"125\" height=\"94\" align=\"left\" \/><\/div>\n<p align=\"justify\"><span style=\"font-family: 'Verdana','sans-serif'; font-size: 10pt\"><font color=\"#000000\">A Oitava Turma do Tribunal Superior do Trabalho (TST) decidiu favoravelmente a um empregado da Sadia S.A., que recorreu \u00e0 Corte pleiteando a remunera\u00e7\u00e3o do tempo gasto com a troca de uniforme.<\/font><\/span> <\/p>\n<p><\/font><\/span> <!--more--> <\/p>\n<p align=\"justify\"><span style=\"font-family: 'Verdana','sans-serif'; font-size: 10pt\"><font color=\"#000000\">O TST reformou o entendimento do Tribunal Regional do Trabalho (TRT) da 12\u00aa Regi\u00e3o (SC), <br \/>que tinha considerado v\u00e1lido o argumento da empresa de que os minutos gastos com a troca <br \/>de uniforme n\u00e3o constituem tempo de efetivo servi\u00e7o, alegando que assim fora acordado em instrumentos coletivos da categoria, que exclu\u00edram do c\u00f4mputo da jornada de trabalho os sete minutos e trinta segundos iniciais e finais. <\/font><\/span><span style=\"font-family: 'Verdana','sans-serif'; font-size: 10pt\"><font color=\"#000000\">O empregado, por sua vez, requereu ao TST a reforma do ac\u00f3rd\u00e3o regional, contestando a validade do o acordo coletivo de trabalho que n\u00e3o considera esse per\u00edodo (tempo m\u00e9dio di\u00e1rio <br \/>de catorze minutos) como tempo \u00e0 disposi\u00e7\u00e3o do empregador. <\/font><\/span><\/p>\n<p align=\"justify\"><span style=\"font-family: 'Verdana','sans-serif'; font-size: 10pt\"><font color=\"#000000\">A ministra relatora, Dora Maria da Costa, deu raz\u00e3o ao trabalhador destacando a jurisprud\u00eancia do TST \u2013 nos termos da S\u00famula 366 \u2013 no sentido de que a troca de uniforme, o lanche e a higiene pessoal do empregado ser\u00e3o considerados tempo \u00e0 disposi\u00e7\u00e3o do empregador se o per\u00edodo exceder cinco minutos. <\/font><\/span><\/p>\n<p>\u00a0<span style=\"line-height: 115%; font-family: 'Verdana','sans-serif'; font-size: 10pt\"><font color=\"#999999\">agenciasindical.com.br<\/font><\/span><\/p>\n","protected":false},"excerpt":{"rendered":"<p>A Oitava Turma do Tribunal Superior do Trabalho (TST) decidiu favoravelmente a um empregado da Sadia S.A., que recorreu \u00e0 Corte pleiteando a remunera\u00e7\u00e3o do tempo gasto com a troca de uniforme.<\/p>\n","protected":false},"author":1,"featured_media":0,"comment_status":"open","ping_status":"open","sticky":false,"template":"","format":"standard","meta":{"footnotes":""},"categories":[15],"tags":[],"class_list":["post-1354","post","type-post","status-publish","format-standard","hentry","category-c34-gerais"],"_links":{"self":[{"href":"https:\/\/sinservregional.com.br\/site\/index.php?rest_route=\/wp\/v2\/posts\/1354","targetHints":{"allow":["GET"]}}],"collection":[{"href":"https:\/\/sinservregional.com.br\/site\/index.php?rest_route=\/wp\/v2\/posts"}],"about":[{"href":"https:\/\/sinservregional.com.br\/site\/index.php?rest_route=\/wp\/v2\/types\/post"}],"author":[{"embeddable":true,"href":"https:\/\/sinservregional.com.br\/site\/index.php?rest_route=\/wp\/v2\/users\/1"}],"replies":[{"embeddable":true,"href":"https:\/\/sinservregional.com.br\/site\/index.php?rest_route=%2Fwp%2Fv2%2Fcomments&post=1354"}],"version-history":[{"count":0,"href":"https:\/\/sinservregional.com.br\/site\/index.php?rest_route=\/wp\/v2\/posts\/1354\/revisions"}],"wp:attachment":[{"href":"https:\/\/sinservregional.com.br\/site\/index.php?rest_route=%2Fwp%2Fv2%2Fmedia&parent=1354"}],"wp:term":[{"taxonomy":"category","embeddable":true,"href":"https:\/\/sinservregional.com.br\/site\/index.php?rest_route=%2Fwp%2Fv2%2Fcategories&post=1354"},{"taxonomy":"post_tag","embeddable":true,"href":"https:\/\/sinservregional.com.br\/site\/index.php?rest_route=%2Fwp%2Fv2%2Ftags&post=1354"}],"curies":[{"name":"wp","href":"https:\/\/api.w.org\/{rel}","templated":true}]}}