{"id":13494,"date":"2026-05-01T11:35:54","date_gmt":"2026-05-01T11:35:54","guid":{"rendered":"https:\/\/sinservregional.com.br\/site\/?p=13494"},"modified":"2026-05-01T11:35:56","modified_gmt":"2026-05-01T11:35:56","slug":"dia-do-trabalhador-a-forca-da-luta-sindical-que-garante-direitos-e-segue-mais-atual-do-que-nunca","status":"publish","type":"post","link":"https:\/\/sinservregional.com.br\/site\/?p=13494","title":{"rendered":"DIA DO TRABALHADOR: A FOR\u00c7A DA LUTA SINDICAL QUE GARANTE DIREITOS E SEGUE MAIS ATUAL DO QUE NUNCA"},"content":{"rendered":"\n<p>O Dia do Trabalhador representa uma hist\u00f3ria de luta, organiza\u00e7\u00e3o e conquistas da classe trabalhadora. Nesse contexto, o sindicalismo surge como um dos principais instrumentos de defesa dos direitos dos trabalhadores ao longo do tempo.<\/p>\n\n\n\n<p>Direitos que hoje s\u00e3o considerados b\u00e1sicos: como jornada de trabalho regulamentada, f\u00e9rias, 13\u00ba sal\u00e1rio e condi\u00e7\u00f5es dignas, n\u00e3o foram concedidos espontaneamente, mas conquistados por meio da a\u00e7\u00e3o coletiva e da for\u00e7a dos sindicatos. \u00c9 essa mesma luta que continua garantindo que retrocessos sejam enfrentados e que novos avan\u00e7os sejam buscados.<\/p>\n\n\n\n<p>Em um cen\u00e1rio de constantes transforma\u00e7\u00f5es no mundo do trabalho, o papel dos sindicatos segue atual e absolutamente necess\u00e1rio. Diante de desafios como a precariza\u00e7\u00e3o das rela\u00e7\u00f5es de trabalho, a desvaloriza\u00e7\u00e3o do servi\u00e7o p\u00fablico e a retirada de direitos, a atua\u00e7\u00e3o sindical se mant\u00e9m como instrumento indispens\u00e1vel de luta dos trabalhadores.<\/p>\n\n\n\n<p>O SINSERV segue comprometido com essa miss\u00e3o, atuando na defesa dos servidores municipais de Jequi\u00e9 e regi\u00e3o, buscando valoriza\u00e7\u00e3o profissional, melhores condi\u00e7\u00f5es e respeito aos direitos da categoria. A entidade acredita que a participa\u00e7\u00e3o ativa dos servidores e servidoras fortalece a luta e amplia as possibilidades de conquistas.<\/p>\n\n\n\n<p>Devemos celebrar o Dia do Trabalhador, reconhecendo a import\u00e2ncia da luta coletiva, mas tamb\u00e9m refletir sobre os desafios presentes e futuros, reafirmando a necessidade de uni\u00e3o, participa\u00e7\u00e3o e fortalecimento das entidades que representam os trabalhadores.<\/p>\n\n\n\n<p class=\"has-medium-font-size\"><strong>SINSERV, NOSSA MARCA \u00c9 A LUTA!<\/strong><\/p>\n","protected":false},"excerpt":{"rendered":"<p>O Dia do Trabalhador representa uma hist\u00f3ria de luta, organiza\u00e7\u00e3o e conquistas da classe trabalhadora. Nesse contexto, o sindicalismo surge como um dos principais instrumentos de defesa dos direitos dos trabalhadores ao longo do tempo. Direitos que hoje s\u00e3o considerados b\u00e1sicos: como jornada de trabalho regulamentada, f\u00e9rias, 13\u00ba sal\u00e1rio e condi\u00e7\u00f5es dignas, n\u00e3o foram concedidos &hellip; <\/p>\n","protected":false},"author":5,"featured_media":13495,"comment_status":"open","ping_status":"open","sticky":false,"template":"","format":"standard","meta":{"footnotes":""},"categories":[22,15],"tags":[],"class_list":["post-13494","post","type-post","status-publish","format-standard","has-post-thumbnail","hentry","category-destaques","category-c34-gerais"],"_links":{"self":[{"href":"https:\/\/sinservregional.com.br\/site\/index.php?rest_route=\/wp\/v2\/posts\/13494","targetHints":{"allow":["GET"]}}],"collection":[{"href":"https:\/\/sinservregional.com.br\/site\/index.php?rest_route=\/wp\/v2\/posts"}],"about":[{"href":"https:\/\/sinservregional.com.br\/site\/index.php?rest_route=\/wp\/v2\/types\/post"}],"author":[{"embeddable":true,"href":"https:\/\/sinservregional.com.br\/site\/index.php?rest_route=\/wp\/v2\/users\/5"}],"replies":[{"embeddable":true,"href":"https:\/\/sinservregional.com.br\/site\/index.php?rest_route=%2Fwp%2Fv2%2Fcomments&post=13494"}],"version-history":[{"count":1,"href":"https:\/\/sinservregional.com.br\/site\/index.php?rest_route=\/wp\/v2\/posts\/13494\/revisions"}],"predecessor-version":[{"id":13496,"href":"https:\/\/sinservregional.com.br\/site\/index.php?rest_route=\/wp\/v2\/posts\/13494\/revisions\/13496"}],"wp:featuredmedia":[{"embeddable":true,"href":"https:\/\/sinservregional.com.br\/site\/index.php?rest_route=\/wp\/v2\/media\/13495"}],"wp:attachment":[{"href":"https:\/\/sinservregional.com.br\/site\/index.php?rest_route=%2Fwp%2Fv2%2Fmedia&parent=13494"}],"wp:term":[{"taxonomy":"category","embeddable":true,"href":"https:\/\/sinservregional.com.br\/site\/index.php?rest_route=%2Fwp%2Fv2%2Fcategories&post=13494"},{"taxonomy":"post_tag","embeddable":true,"href":"https:\/\/sinservregional.com.br\/site\/index.php?rest_route=%2Fwp%2Fv2%2Ftags&post=13494"}],"curies":[{"name":"wp","href":"https:\/\/api.w.org\/{rel}","templated":true}]}}