{"id":12782,"date":"2026-01-21T18:42:19","date_gmt":"2026-01-21T18:42:19","guid":{"rendered":"https:\/\/sinservregional.com.br\/site\/?p=12782"},"modified":"2026-01-21T18:42:19","modified_gmt":"2026-01-21T18:42:19","slug":"nota-de-esclarecimento-4","status":"publish","type":"post","link":"https:\/\/sinservregional.com.br\/site\/?p=12782","title":{"rendered":"NOTA DE ESCLARECIMENTO"},"content":{"rendered":"\n<p>O Sindicato dos Servidores P\u00fablicos Municipais de Jequi\u00e9 e Regi\u00e3o vem a p\u00fablico esclarecer que <strong>n\u00e3o possui qualquer participa\u00e7\u00e3o, envolvimento ou v\u00ednculo<\/strong> com a convoca\u00e7\u00e3o do <strong>Escrit\u00f3rio Renilton Vitoriano Advocacia<\/strong>, direcionada a servidores municipais de Jequi\u00e9.<\/p>\n\n\n\n<p>Esclarecemos, ainda, que \u00e9 <strong>falsa a informa\u00e7\u00e3o<\/strong> de que a <strong>Dr\u00aa Maria Clara Sampaio<\/strong> estar\u00e1 presente ou participar\u00e1 da referida reuni\u00e3o. Tal informa\u00e7\u00e3o <strong>n\u00e3o procede<\/strong> e n\u00e3o tem qualquer rela\u00e7\u00e3o com o SINSERV.<\/p>\n\n\n\n<p>Causa estranhamento, o fato de terem obtidos <strong>contatos pessoais de servidores<\/strong>, situa\u00e7\u00e3o que precisa ser <strong>devidamente esclarecida<\/strong>, uma vez que o Sindicato n\u00e3o forneceu, autorizou ou compartilhou quaisquer dados de seus associados ou da categoria.<\/p>\n\n\n\n<p>Refor\u00e7amos que o referido encontro n\u00e3o foi <strong>organizado, autorizado ou divulgado<\/strong> pelo Sindicato. Todas as a\u00e7\u00f5es, reuni\u00f5es e comunicados oficiais do SINSERV s\u00e3o informados <strong>exclusivamente por nossos canais oficiais de comunica\u00e7\u00e3o<\/strong>.<\/p>\n\n\n\n<p>Orientamos os servidores e servidoras a ficarem atentos e, em caso de d\u00favida, buscar esclarecimentos diretamente junto ao SINSERV, a fim de evitar informa\u00e7\u00f5es equivocadas.<\/p>\n\n\n\n<p style=\"font-size:25px\"><strong>Sindicato dos Servidores P\u00fablicos Municipais de Jequi\u00e9 e Regi\u00e3o<\/strong><\/p>\n","protected":false},"excerpt":{"rendered":"<p>O Sindicato dos Servidores P\u00fablicos Municipais de Jequi\u00e9 e Regi\u00e3o vem a p\u00fablico esclarecer que n\u00e3o possui qualquer participa\u00e7\u00e3o, envolvimento ou v\u00ednculo com a convoca\u00e7\u00e3o do Escrit\u00f3rio Renilton Vitoriano Advocacia, direcionada a servidores municipais de Jequi\u00e9. Esclarecemos, ainda, que \u00e9 falsa a informa\u00e7\u00e3o de que a Dr\u00aa Maria Clara Sampaio estar\u00e1 presente ou participar\u00e1 da &hellip; <\/p>\n","protected":false},"author":1,"featured_media":12783,"comment_status":"open","ping_status":"open","sticky":false,"template":"","format":"standard","meta":{"footnotes":""},"categories":[22],"tags":[],"class_list":["post-12782","post","type-post","status-publish","format-standard","has-post-thumbnail","hentry","category-destaques"],"_links":{"self":[{"href":"https:\/\/sinservregional.com.br\/site\/index.php?rest_route=\/wp\/v2\/posts\/12782","targetHints":{"allow":["GET"]}}],"collection":[{"href":"https:\/\/sinservregional.com.br\/site\/index.php?rest_route=\/wp\/v2\/posts"}],"about":[{"href":"https:\/\/sinservregional.com.br\/site\/index.php?rest_route=\/wp\/v2\/types\/post"}],"author":[{"embeddable":true,"href":"https:\/\/sinservregional.com.br\/site\/index.php?rest_route=\/wp\/v2\/users\/1"}],"replies":[{"embeddable":true,"href":"https:\/\/sinservregional.com.br\/site\/index.php?rest_route=%2Fwp%2Fv2%2Fcomments&post=12782"}],"version-history":[{"count":1,"href":"https:\/\/sinservregional.com.br\/site\/index.php?rest_route=\/wp\/v2\/posts\/12782\/revisions"}],"predecessor-version":[{"id":12784,"href":"https:\/\/sinservregional.com.br\/site\/index.php?rest_route=\/wp\/v2\/posts\/12782\/revisions\/12784"}],"wp:featuredmedia":[{"embeddable":true,"href":"https:\/\/sinservregional.com.br\/site\/index.php?rest_route=\/wp\/v2\/media\/12783"}],"wp:attachment":[{"href":"https:\/\/sinservregional.com.br\/site\/index.php?rest_route=%2Fwp%2Fv2%2Fmedia&parent=12782"}],"wp:term":[{"taxonomy":"category","embeddable":true,"href":"https:\/\/sinservregional.com.br\/site\/index.php?rest_route=%2Fwp%2Fv2%2Fcategories&post=12782"},{"taxonomy":"post_tag","embeddable":true,"href":"https:\/\/sinservregional.com.br\/site\/index.php?rest_route=%2Fwp%2Fv2%2Ftags&post=12782"}],"curies":[{"name":"wp","href":"https:\/\/api.w.org\/{rel}","templated":true}]}}