{"id":12673,"date":"2025-10-23T23:25:45","date_gmt":"2025-10-23T23:25:45","guid":{"rendered":"https:\/\/sinservregional.com.br\/site\/?p=12673"},"modified":"2025-10-23T23:25:46","modified_gmt":"2025-10-23T23:25:46","slug":"sinserv-se-reune-com-coordenacao-de-odontologia-e-assessoria-juridica-da-secretaria-de-saude-de-jequie","status":"publish","type":"post","link":"https:\/\/sinservregional.com.br\/site\/?p=12673","title":{"rendered":"SINSERV SE RE\u00daNE COM COORDENA\u00c7\u00c3O DE ODONTOLOGIA E ASSESSORIA JUR\u00cdDICA DA SECRETARIA DE SA\u00daDE DE JEQUI\u00c9"},"content":{"rendered":"\n<p>Na manh\u00e3 da \u00faltima quarta-feira, 22 de outubro de 2025, o SINSERV participou de uma importante reuni\u00e3o com representantes da Secretaria Municipal de Sa\u00fade. A reuni\u00e3o teve como objetivo discutir quest\u00f5es administrativas e jur\u00eddicas relacionadas \u00e0 atua\u00e7\u00e3o dos odont\u00f3logos da rede municipal.<\/p>\n\n\n\n<p>A reuni\u00e3o ocorreu no Centro de Sa\u00fade J\u00falia Magalh\u00e3es , e contou com a participa\u00e7\u00e3o de diversos odont\u00f3logos al\u00e9m das diretoras sindicais: Maria Neide Sampaio e Katiana Souza de Queiroz, que refor\u00e7aram a import\u00e2ncia do di\u00e1logo entre as partes.<\/p>\n\n\n\n<p>Durante o encontro, foram debatidos pontos relativos \u00e0s condi\u00e7\u00f5es de trabalho, aspectos legais da fun\u00e7\u00e3o e demandas espec\u00edficas da \u00e1rea de odontologia.<\/p>\n\n\n\n<p>Como encaminhamento, ficou definido que a Secretaria Municipal de Sa\u00fade agendar\u00e1 uma nova reuni\u00e3o na primeira semana de novembro, quando a entidade e a gest\u00e3o voltar\u00e3o a debater sobre a pauta trazida pela coordena\u00e7\u00e3o de odontologia.<\/p>\n\n\n\n<p>Ap\u00f3s a reuni\u00e3o os odont\u00f3logos ser\u00e3o convocados para uma assembleia geral espec\u00edfica, objetivando a aprecia\u00e7\u00e3o e delibera\u00e7\u00e3o sobre o planejamento e as a\u00e7\u00f5es que ser\u00e3o apresentadas\u00a0pela\u00a0gest\u00e3o.<\/p>\n","protected":false},"excerpt":{"rendered":"<p>Na manh\u00e3 da \u00faltima quarta-feira, 22 de outubro de 2025, o SINSERV participou de uma importante reuni\u00e3o com representantes da Secretaria Municipal de Sa\u00fade. A reuni\u00e3o teve como objetivo discutir quest\u00f5es administrativas e jur\u00eddicas relacionadas \u00e0 atua\u00e7\u00e3o dos odont\u00f3logos da rede municipal. A reuni\u00e3o ocorreu no Centro de Sa\u00fade J\u00falia Magalh\u00e3es , e contou com &hellip; <\/p>\n","protected":false},"author":1,"featured_media":12674,"comment_status":"open","ping_status":"open","sticky":false,"template":"","format":"standard","meta":{"footnotes":""},"categories":[22,18,15],"tags":[],"class_list":["post-12673","post","type-post","status-publish","format-standard","has-post-thumbnail","hentry","category-destaques","category-c37-eventos","category-c34-gerais"],"_links":{"self":[{"href":"https:\/\/sinservregional.com.br\/site\/index.php?rest_route=\/wp\/v2\/posts\/12673","targetHints":{"allow":["GET"]}}],"collection":[{"href":"https:\/\/sinservregional.com.br\/site\/index.php?rest_route=\/wp\/v2\/posts"}],"about":[{"href":"https:\/\/sinservregional.com.br\/site\/index.php?rest_route=\/wp\/v2\/types\/post"}],"author":[{"embeddable":true,"href":"https:\/\/sinservregional.com.br\/site\/index.php?rest_route=\/wp\/v2\/users\/1"}],"replies":[{"embeddable":true,"href":"https:\/\/sinservregional.com.br\/site\/index.php?rest_route=%2Fwp%2Fv2%2Fcomments&post=12673"}],"version-history":[{"count":1,"href":"https:\/\/sinservregional.com.br\/site\/index.php?rest_route=\/wp\/v2\/posts\/12673\/revisions"}],"predecessor-version":[{"id":12675,"href":"https:\/\/sinservregional.com.br\/site\/index.php?rest_route=\/wp\/v2\/posts\/12673\/revisions\/12675"}],"wp:featuredmedia":[{"embeddable":true,"href":"https:\/\/sinservregional.com.br\/site\/index.php?rest_route=\/wp\/v2\/media\/12674"}],"wp:attachment":[{"href":"https:\/\/sinservregional.com.br\/site\/index.php?rest_route=%2Fwp%2Fv2%2Fmedia&parent=12673"}],"wp:term":[{"taxonomy":"category","embeddable":true,"href":"https:\/\/sinservregional.com.br\/site\/index.php?rest_route=%2Fwp%2Fv2%2Fcategories&post=12673"},{"taxonomy":"post_tag","embeddable":true,"href":"https:\/\/sinservregional.com.br\/site\/index.php?rest_route=%2Fwp%2Fv2%2Ftags&post=12673"}],"curies":[{"name":"wp","href":"https:\/\/api.w.org\/{rel}","templated":true}]}}