{"id":11963,"date":"2025-02-13T19:01:04","date_gmt":"2025-02-13T19:01:04","guid":{"rendered":"https:\/\/sinservregional.com.br\/site\/?p=11963"},"modified":"2025-02-13T19:01:06","modified_gmt":"2025-02-13T19:01:06","slug":"reuniao-da-comissao-das-mulheres","status":"publish","type":"post","link":"https:\/\/sinservregional.com.br\/site\/?p=11963","title":{"rendered":"REUNI\u00c3O DA COMISS\u00c3O DAS MULHERES"},"content":{"rendered":"\n<p>Em reuni\u00e3o realizada no Sindicato, as diretoras que comp\u00f5em a Comiss\u00e3o das Mulheres discutiram importante pauta relacionada \u00e0s condi\u00e7\u00f5es de trabalho, igualdade de g\u00eanero e avan\u00e7os nas pol\u00edticas voltadas \u00e0s mulheres.<\/p>\n\n\n\n<p>A reuni\u00e3o foi marcada por um debate sobre os desafios enfrentados no ambiente de trabalho e a necessidade de a\u00e7\u00f5es concretas para promover um espa\u00e7o mais justo. As diretoras apresentaram propostas para ampliar a participa\u00e7\u00e3o feminina nos espa\u00e7os de decis\u00e3o, fortalecer a rede de apoio \u00e0s trabalhadoras e garantir direitos essenciais. Tamb\u00e9m foram discutidas estrat\u00e9gias para a organiza\u00e7\u00e3o de eventos e campanhas de conscientiza\u00e7\u00e3o sobre a import\u00e2ncia da igualdade de g\u00eanero no mercado de trabalho.<\/p>\n\n\n\n<p>Ao fim da reuni\u00e3o, reafirmaram a import\u00e2ncia da uni\u00e3o e do engajamento de todas para continuar avan\u00e7ando nas conquistas e garantindo que as vozes das mulheres sejam cada vez mais ouvidas e respeitadas dentro do ambiente sindical e profissional.<\/p>\n\n\n\n<p>O Sindicato segue firme na luta pelos direitos das mulheres e reitera seu compromisso em promover a igualdade e a justi\u00e7a social para todas.<\/p>\n\n\n\n<p style=\"font-size:32px\"><strong>SINSERV, NOSSA MARCA \u00c9 A LUTA!<\/strong><\/p>\n\n\n\n<figure class=\"wp-block-gallery has-nested-images columns-default is-cropped wp-block-gallery-1 is-layout-flex wp-block-gallery-is-layout-flex\"><\/figure>\n","protected":false},"excerpt":{"rendered":"<p>Em reuni\u00e3o realizada no Sindicato, as diretoras que comp\u00f5em a Comiss\u00e3o das Mulheres discutiram importante pauta relacionada \u00e0s condi\u00e7\u00f5es de trabalho, igualdade de g\u00eanero e avan\u00e7os nas pol\u00edticas voltadas \u00e0s mulheres. A reuni\u00e3o foi marcada por um debate sobre os desafios enfrentados no ambiente de trabalho e a necessidade de a\u00e7\u00f5es concretas para promover um &hellip; <\/p>\n","protected":false},"author":1,"featured_media":11971,"comment_status":"open","ping_status":"open","sticky":false,"template":"","format":"standard","meta":{"footnotes":""},"categories":[22,18],"tags":[],"class_list":["post-11963","post","type-post","status-publish","format-standard","has-post-thumbnail","hentry","category-destaques","category-c37-eventos"],"_links":{"self":[{"href":"https:\/\/sinservregional.com.br\/site\/index.php?rest_route=\/wp\/v2\/posts\/11963","targetHints":{"allow":["GET"]}}],"collection":[{"href":"https:\/\/sinservregional.com.br\/site\/index.php?rest_route=\/wp\/v2\/posts"}],"about":[{"href":"https:\/\/sinservregional.com.br\/site\/index.php?rest_route=\/wp\/v2\/types\/post"}],"author":[{"embeddable":true,"href":"https:\/\/sinservregional.com.br\/site\/index.php?rest_route=\/wp\/v2\/users\/1"}],"replies":[{"embeddable":true,"href":"https:\/\/sinservregional.com.br\/site\/index.php?rest_route=%2Fwp%2Fv2%2Fcomments&post=11963"}],"version-history":[{"count":3,"href":"https:\/\/sinservregional.com.br\/site\/index.php?rest_route=\/wp\/v2\/posts\/11963\/revisions"}],"predecessor-version":[{"id":11972,"href":"https:\/\/sinservregional.com.br\/site\/index.php?rest_route=\/wp\/v2\/posts\/11963\/revisions\/11972"}],"wp:featuredmedia":[{"embeddable":true,"href":"https:\/\/sinservregional.com.br\/site\/index.php?rest_route=\/wp\/v2\/media\/11971"}],"wp:attachment":[{"href":"https:\/\/sinservregional.com.br\/site\/index.php?rest_route=%2Fwp%2Fv2%2Fmedia&parent=11963"}],"wp:term":[{"taxonomy":"category","embeddable":true,"href":"https:\/\/sinservregional.com.br\/site\/index.php?rest_route=%2Fwp%2Fv2%2Fcategories&post=11963"},{"taxonomy":"post_tag","embeddable":true,"href":"https:\/\/sinservregional.com.br\/site\/index.php?rest_route=%2Fwp%2Fv2%2Ftags&post=11963"}],"curies":[{"name":"wp","href":"https:\/\/api.w.org\/{rel}","templated":true}]}}