{"id":1184,"date":"2010-10-28T17:52:34","date_gmt":"2010-10-28T17:52:34","guid":{"rendered":"http:\/\/sinservregional.com.br\/site\/?p=1184"},"modified":"2010-10-28T17:52:34","modified_gmt":"2010-10-28T17:52:34","slug":"marina-condena-uso-de-seu-nome-em-falso-apoio-a-jose-serra","status":"publish","type":"post","link":"https:\/\/sinservregional.com.br\/site\/?p=1184","title":{"rendered":"Marina condena uso de seu nome em falso apoio a Jos\u00e9 Serra"},"content":{"rendered":"<p><span style=\"font-family: 'Verdana','sans-serif'; font-size: 10pt\"><font color=\"#000000\"><\/p>\n<div style=\"text-align: center\"><img loading=\"lazy\" decoding=\"async\" src=\"http:\/\/www.unidadegospel.com\/wp-content\/uploads\/2009\/10\/marina-silva.jpg\" border=\"0\" hspace=\"10\" width=\"116\" height=\"89\" align=\"left\" \/><\/div>\n<p><\/font><\/span><\/p>\n<p>\u00a0<\/p>\n<p align=\"justify\"><span style=\"font-family: 'Verdana','sans-serif'; font-size: 10pt\"><font color=\"#000000\">A senadora e candidata derrotada \u00e0 presid\u00eancia da Rep\u00fablica, Marina Silva (PV-AC), criticou nesta quarta-feira (27) setores do PSDB que, segundo o PV, promoveram iniciativas fraudulentas ao envolv\u00ea-la em a\u00e7\u00f5es de apoio \u00e0 candidatura tucana de Jos\u00e9 Serra. &#8220;N\u00e3o usem meu nome para o vale-tudo eleitoral&#8221;, afirmou a senadora, de acordo com informa\u00e7\u00f5es de sua assessoria de imprensa. <\/font><\/span><\/p>\n<p> <!--more--> <\/p>\n<p align=\"justify\">\u00a0<span style=\"font-family: 'Verdana','sans-serif'; font-size: 10pt\"><font color=\"#000000\">&#8220;Os quase 20 milh\u00f5es de brasileiros que endossaram meu projeto e o de Guilherme Leal no primeiro turno sabem que o respeito ao eleitor \u00e9 um princ\u00edpio inquestion\u00e1vel na nossa pr\u00e1tica pol\u00edtica, o que nos diferencia daqueles que querem o poder pelo poder&#8221;, disse Marina. <\/font><\/span><span style=\"font-family: 'Verdana','sans-serif'; font-size: 10pt\"><font color=\"#000000\">A declara\u00e7\u00e3o de voto falsa foi feita com um endere\u00e7o de e-mail que n\u00e3o corresponde ao de Marina e foi ao ar no blog &#8220;Eu Vou de Serra 45&#8221;. &#8220;Infelizmente, muitos n\u00e3o aprenderam nada com os resultados das urnas e continuam a promover a pol\u00edtica de mais baixo n\u00edvel ao usar estratagemas banais para buscar votos&#8221;, a candidata derrotada do PV. <\/font><\/span><span style=\"font-family: 'Verdana','sans-serif'; font-size: 10pt\"><font color=\"#000000\">O e-mail falso seria direcionado aos eleitores de Marina contendo um &#8220;pedido&#8221; da senadora verde para que haja uni\u00e3o em torno da candidatura tucana. <\/font><\/span><span style=\"line-height: 115%; font-family: 'Verdana','sans-serif'; font-size: 10pt\"><font color=\"#000000\">\u00a0<\/font><\/span> <\/p>\n<p align=\"justify\">\u00a0<\/p>\n<p align=\"justify\"><font color=\"#999999\"><em>Fonte: terra<\/em><\/font><\/p>\n","protected":false},"excerpt":{"rendered":"<p>\u00a0 A senadora e candidata derrotada \u00e0 presid\u00eancia da Rep\u00fablica, Marina Silva (PV-AC), criticou nesta quarta-feira (27) setores do PSDB que, segundo o PV, promoveram iniciativas fraudulentas ao envolv\u00ea-la em a\u00e7\u00f5es de apoio \u00e0 candidatura tucana de Jos\u00e9 Serra. &#8220;N\u00e3o usem meu nome para o vale-tudo eleitoral&#8221;, afirmou a senadora, de acordo com informa\u00e7\u00f5es de &hellip; <\/p>\n","protected":false},"author":1,"featured_media":0,"comment_status":"open","ping_status":"open","sticky":false,"template":"","format":"standard","meta":{"footnotes":""},"categories":[15],"tags":[],"class_list":["post-1184","post","type-post","status-publish","format-standard","hentry","category-c34-gerais"],"_links":{"self":[{"href":"https:\/\/sinservregional.com.br\/site\/index.php?rest_route=\/wp\/v2\/posts\/1184","targetHints":{"allow":["GET"]}}],"collection":[{"href":"https:\/\/sinservregional.com.br\/site\/index.php?rest_route=\/wp\/v2\/posts"}],"about":[{"href":"https:\/\/sinservregional.com.br\/site\/index.php?rest_route=\/wp\/v2\/types\/post"}],"author":[{"embeddable":true,"href":"https:\/\/sinservregional.com.br\/site\/index.php?rest_route=\/wp\/v2\/users\/1"}],"replies":[{"embeddable":true,"href":"https:\/\/sinservregional.com.br\/site\/index.php?rest_route=%2Fwp%2Fv2%2Fcomments&post=1184"}],"version-history":[{"count":0,"href":"https:\/\/sinservregional.com.br\/site\/index.php?rest_route=\/wp\/v2\/posts\/1184\/revisions"}],"wp:attachment":[{"href":"https:\/\/sinservregional.com.br\/site\/index.php?rest_route=%2Fwp%2Fv2%2Fmedia&parent=1184"}],"wp:term":[{"taxonomy":"category","embeddable":true,"href":"https:\/\/sinservregional.com.br\/site\/index.php?rest_route=%2Fwp%2Fv2%2Fcategories&post=1184"},{"taxonomy":"post_tag","embeddable":true,"href":"https:\/\/sinservregional.com.br\/site\/index.php?rest_route=%2Fwp%2Fv2%2Ftags&post=1184"}],"curies":[{"name":"wp","href":"https:\/\/api.w.org\/{rel}","templated":true}]}}