{"id":1103,"date":"2010-09-09T20:26:11","date_gmt":"2010-09-09T20:26:11","guid":{"rendered":"http:\/\/sinservregional.com.br\/site\/?p=1103"},"modified":"2010-09-09T20:26:11","modified_gmt":"2010-09-09T20:26:11","slug":"contra-reforma-da-previdencia","status":"publish","type":"post","link":"https:\/\/sinservregional.com.br\/site\/?p=1103","title":{"rendered":"Contra reforma da Previd\u00eancia"},"content":{"rendered":"<div style=\"text-align: center\"><img loading=\"lazy\" decoding=\"async\" src=\"http:\/\/portalctb.org.br\/site\/images\/stories\/greve_franca1.jpg\" border=\"0\" width=\"385\" height=\"308\" \/> <\/div>\n<div style=\"text-align: center\"><strong><span style=\"line-height: 115%; font-family: 'Verdana','sans-serif'; color: #333333; font-size: 10pt\">Contra reforma da Previd\u00eancia, 2,5 milh\u00f5es saem \u00e0s ruas na Fran\u00e7a<\/span><\/strong><\/div>\n<div style=\"text-align: center\"><\/div>\n<div style=\"text-align: center\" \/><strong><span style=\"line-height: 115%; font-family: 'Verdana','sans-serif'; color: #333333; font-size: 10pt\">\u00a0<\/span><\/strong><span style=\"line-height: 115%; font-family: 'Verdana','sans-serif'; color: black; font-size: 10pt\" \/>A Fran\u00e7a amanheceu sob o impacto de uma greve geral nesta ter\u00e7a-feira (7). Com cerca de 2,5 milh\u00f5es de pessoas nas ruas, a mobiliza\u00e7\u00e3o traduziu a contrariedade da popula\u00e7\u00e3o ao projeto de reforma da Previd\u00eancia do presidente Nicolas Sarkozy, enviado no mesmo dia \u00e0 Assembleia Nacional.<br \/> <!--more--> <br \/>A manifesta\u00e7\u00e3o tamb\u00e9m canaliza o sentimento crescente de rejei\u00e7\u00e3o em toda a Europa a medidas de austeridade adotadas por diferentes governos.<\/span><span style=\"line-height: 115%; font-family: 'Verdana','sans-serif'; color: black; font-size: 10pt\">&#8220;Diziam que n\u00e3o \u00edamos conseguir mobilizar mais pessoas do que no dia 24 de junho. Mas, segundo as informa\u00e7\u00f5es obtidas ao meio do dia, sobre\u00a0 o n\u00famero de pessoas que n\u00e3o trabalharam no setor privado, posso dizer que estamos largamente mais mobilizados do que em junho&#8221;, garantiu o l\u00edder sindical, do CGT, Bernard Thibault. <\/p>\n<p>O elevado n\u00famero de manifestantes foi \u00e0s ruas contra a medida governamental, que entrou em debate na Assembleia Nacional nesta ter\u00e7a-feira (7), que, entre outras altera\u00e7\u00f5es, aumenta a idade m\u00ednima para aposentadoria, de 60 para 62 anos. Uma medida que, se for aprovada pelo parlamento, entrar\u00e1 em vigor em Julho de 2011 e \u00e9 mal recebida por pelo menos 63% dos franceses, segundo n\u00fameros adiantados pela BBC. <\/p>\n<p><strong><span style=\"font-family: 'Verdana','sans-serif'\">Impass\u00edvel<\/span><\/strong><\/p>\n<p>Mas a elevada participa\u00e7\u00e3o dos franceses nos protestos parece n\u00e3o impressionar o presidente franc\u00eas Nicolas Sarkozy. Apesar dos protestos nas ruas, Sarkozy fez quest\u00e3o de anunciar que continuar\u00e1 &#8220;firme&#8221; e vai manter a decis\u00e3o de aumentar a idade da reforma. Ainda assim, admite que pode negociar alguns pontos da legisla\u00e7\u00e3o com os sindicatos. O ministro do Trabalho da Fran\u00e7a, Eric Woertg, j\u00e1 garantiu tamb\u00e9m que o governo continuar\u00e1 a defender a reforma independentemente da onda de protestos. Eric Woerth tem sua imagem muito fragilizada por esc\u00e2ndalo envolvendo a empresa de cosm\u00e9ticos Loreal.<\/p>\n<p>Fran\u00e7ois Chereque, l\u00edder da grande confedera\u00e7\u00e3o sindical CFDT, disse \u00e0 r\u00e1dio RTL que o governo far\u00e1 mal em ignorar o que chamou de &#8220;o maior comparecimento popular nos \u00faltimos anos&#8221;. Bernard Thibault, l\u00edder da outra grande confedera\u00e7\u00e3o sindical, a CGT, avisou os ministros franceses: &#8220;Se n\u00e3o responderem e n\u00e3o derem ouvidos, haver\u00e1 novas iniciativas, e nada est\u00e1 sendo exclu\u00eddo nesta etapa.&#8221;<\/p>\n<p>&#8220;Nunca na hist\u00f3ria das pesquisas a popula\u00e7\u00e3o francesa esteve t\u00e3o convencida de que h\u00e1 injusti\u00e7a social&#8221;, disse o analista pol\u00edtico Roland Cayrol, do Instituto de Ci\u00eancias Pol\u00edticas de Paris.<\/p>\n<p><strong><span style=\"font-family: 'Verdana','sans-serif'\">Austeridade na Europa<\/span><\/strong><\/p>\n<p>A mobiliza\u00e7\u00e3o de milh\u00f5es de franceses canaliza o sentimento crescente de rejei\u00e7\u00e3o em toda a Europa \u00e0s medidas de austeridade adotadas pelos governos. A greve espelha a\u00e7\u00f5es adotadas em outros pa\u00edses europeus contra medidas de austeridade. At\u00e9 agora os governos da Gr\u00e9cia, Espanha, It\u00e1lia e Rom\u00eania v\u00eam enfrentando greves para conseguir impor cortes dolorosos nos sal\u00e1rios e gastos p\u00fablicos. O metr\u00f4 de Londres ficou paralisado na ter\u00e7a-feira por uma greve de 24 horas contra os cortes de empregos.<\/p>\n<p>O governo franc\u00eas diz que a reforma \u00e9 essencial para equilibrar as contas da aposentadoria at\u00e9 2018, reduzir o d\u00e9ficit p\u00fablico e preservar a classifica\u00e7\u00e3o de cr\u00e9dito AAA da Fran\u00e7a, que o ajuda o pa\u00eds a financiar sua d\u00edvida aos juros mais baixos poss\u00edveis nos mercados financeiros.<br \/>Propor\u00e7\u00e3o da greve<\/p>\n<p>A rede de transporte metropolitano de Paris funcionou a 80% da capacidade, mas os comboios suburbanos circularam apenas a 50%. A greve geral na Fran\u00e7a afetou tamb\u00e9m o servi\u00e7o de transporte a\u00e9reo: a Dire\u00e7\u00e3o Geral de Avia\u00e7\u00e3o Civil (DGAC) havia pedido \u00e0s companhias a\u00e9reas a supress\u00e3o de um quarto dos voos programados, nos aeroportos de Paris, atendendo \u00e0 greve dos controladores a\u00e9reos.<\/p>\n<p>Seis voos da TAP, por exemplo, foram cancelados, e registaram-se atrasos nas viagens para diversos pa\u00edses. Tamb\u00e9m a Ryanair n\u00e3o fez, durante a tarde, voos para Lille, Paris e Bord\u00e9us, e cancelou uma viagem para Faro. Tamb\u00e9m as escolas foram afetadas pela greve, com o registro do Minist\u00e9rio da Educa\u00e7\u00e3o de uma ades\u00e3o de professores na ordem dos 25,8%. J\u00e1 os sindicatos divulgam ades\u00e3o de 55% a 60% dos docentes. Outros servi\u00e7os tamb\u00e9m aderiram ao movimento: 22,3% dos empregados de correios e seis refinarias trabalham ao m\u00ednimo.<\/p>\n<p><strong><span style=\"font-family: 'Verdana','sans-serif'\">Londres<\/span><\/strong><\/p>\n<p>Durante as 24 horas de ter\u00e7a-feira (7), tamb\u00e9m o metro de Londres esteve praticamente parado, com a greve de condutores, funcion\u00e1rios das esta\u00e7\u00f5es e encarregados dos servi\u00e7os de manuten\u00e7\u00e3o. Os trabalhadores protestam contra o projeto de elimina\u00e7\u00e3o de 800 postos de trabalho que, dizem, pode afetar a seguran\u00e7a dos passageiros. De acordo com o site da Transport for London (TfL), empresa que gere os transportes na capital brit\u00e2nica, apenas uma [Northern] das 11 linhas funcionou normalmente. Apesar de a paralisa\u00e7\u00e3o ser apenas de um dia, a TfL prev\u00ea perturba\u00e7\u00f5es nos servi\u00e7os desta quarta (8). Os trabalhadores do metr\u00f4 londrino amea\u00e7am com novas greves semelhantes, previstas para 3 de outubro e 2 e 28 de novembro.<\/p>\n<p><span style=\"font-family: 'Verdana','sans-serif'\">CTB\/Com ag\u00eancias<\/span><\/span><\/div>\n","protected":false},"excerpt":{"rendered":"<p>Contra reforma da Previd\u00eancia, 2,5 milh\u00f5es saem \u00e0s ruas na Fran\u00e7a \u00a0A Fran\u00e7a amanheceu sob o impacto de uma greve geral nesta ter\u00e7a-feira (7). Com cerca de 2,5 milh\u00f5es de pessoas nas ruas, a mobiliza\u00e7\u00e3o traduziu a contrariedade da popula\u00e7\u00e3o ao projeto de reforma da Previd\u00eancia do presidente Nicolas Sarkozy, enviado no mesmo dia \u00e0 &hellip; <\/p>\n","protected":false},"author":1,"featured_media":0,"comment_status":"open","ping_status":"open","sticky":false,"template":"","format":"standard","meta":{"footnotes":""},"categories":[15],"tags":[],"class_list":["post-1103","post","type-post","status-publish","format-standard","hentry","category-c34-gerais"],"_links":{"self":[{"href":"https:\/\/sinservregional.com.br\/site\/index.php?rest_route=\/wp\/v2\/posts\/1103","targetHints":{"allow":["GET"]}}],"collection":[{"href":"https:\/\/sinservregional.com.br\/site\/index.php?rest_route=\/wp\/v2\/posts"}],"about":[{"href":"https:\/\/sinservregional.com.br\/site\/index.php?rest_route=\/wp\/v2\/types\/post"}],"author":[{"embeddable":true,"href":"https:\/\/sinservregional.com.br\/site\/index.php?rest_route=\/wp\/v2\/users\/1"}],"replies":[{"embeddable":true,"href":"https:\/\/sinservregional.com.br\/site\/index.php?rest_route=%2Fwp%2Fv2%2Fcomments&post=1103"}],"version-history":[{"count":0,"href":"https:\/\/sinservregional.com.br\/site\/index.php?rest_route=\/wp\/v2\/posts\/1103\/revisions"}],"wp:attachment":[{"href":"https:\/\/sinservregional.com.br\/site\/index.php?rest_route=%2Fwp%2Fv2%2Fmedia&parent=1103"}],"wp:term":[{"taxonomy":"category","embeddable":true,"href":"https:\/\/sinservregional.com.br\/site\/index.php?rest_route=%2Fwp%2Fv2%2Fcategories&post=1103"},{"taxonomy":"post_tag","embeddable":true,"href":"https:\/\/sinservregional.com.br\/site\/index.php?rest_route=%2Fwp%2Fv2%2Ftags&post=1103"}],"curies":[{"name":"wp","href":"https:\/\/api.w.org\/{rel}","templated":true}]}}