{"id":1101,"date":"2010-09-08T18:43:19","date_gmt":"2010-09-08T18:43:19","guid":{"rendered":"http:\/\/sinservregional.com.br\/site\/?p=1101"},"modified":"2010-09-08T18:43:19","modified_gmt":"2010-09-08T18:43:19","slug":"deliberacoes","status":"publish","type":"post","link":"https:\/\/sinservregional.com.br\/site\/?p=1101","title":{"rendered":"REDA, Plano de Sa\u00fade, IPREJ"},"content":{"rendered":"<p><span style=\"line-height: 115%; font-family: 'Verdana','sans-serif'; font-size: 10pt\"><font color=\"#000000\"><\/p>\n<div style=\"text-align: center\"><img loading=\"lazy\" decoding=\"async\" class=\" size-full wp-image-1100\" src=\"https:\/\/sinservregional.com.br\/site\/wp-content\/uploads\/2010\/09\/site.jpg\" border=\"0\" width=\"385\" height=\"289\" \/><\/div>\n<p align=\"center\">Em assembl\u00e9ia realizada no dia 08\/09\/2010(quarta-feira), na C\u00e2mara Municipal de Vereadores de Jequi\u00e9, os servidores municipais de Jequi\u00e9 discutiram e deliberaram que n\u00e3o aceitar\u00e3o a realiza\u00e7\u00e3o do novo REDA promovido pelo munic\u00edpio de Jequi\u00e9.<span style=\"line-height: 115%; font-family: 'Verdana','sans-serif'; font-size: 10pt\"><font color=\"#000000\">A decis\u00e3o foi tomada ap\u00f3s amplo debate sobre o assunto, que considerou a realiza\u00e7\u00e3o de mais um REDA pelo munic\u00edpio de Jequi\u00e9 como prejudicial ao munic\u00edpio e aos pr\u00f3prios servidores, que buscam pelo reajuste salarial desde o m\u00eas de janeiro de 2010 e at\u00e9 agora s\u00f3 conseguiram abono.<\/font><\/span> <\/p>\n<p><\/font><\/span> <!--more--> <\/p>\n<p align=\"center\"><span style=\"line-height: 115%; font-family: 'Verdana','sans-serif'; font-size: 10pt\"><font color=\"#000000\">A decis\u00e3o da categoria foi por unanimidade em n\u00e3o aceitar a realiza\u00e7\u00e3o do novo REDA nos moldes apresentados, devendo o munic\u00edpio buscar outra forma de devolu\u00e7\u00e3o do valor de quase R$ 270.000,00(duzentos e setenta mil reais), pertencentes ao Estado da Bahia e creditado mensalmente na conta do munic\u00edpio de Jequi\u00e9. Que n\u00e3o sejam contrata\u00e7\u00f5es<em> <\/em>de servidores colocando-os \u00e0 disposi\u00e7\u00e3o do Hospital Geral Prado Valadares.<\/font><\/span><span style=\"line-height: 115%; font-family: 'Verdana','sans-serif'; font-size: 10pt\"><font color=\"#000000\">Tamb\u00e9m foi rejeitada a proposta do Plano de Sa\u00fade SULAM\u00c9RICA, oferecida atrav\u00e9s da empresa COOPSEGUROS. Entenderam os servidores que a tabela apresentada est\u00e1 bem distante da realidade salarial da categoria. Por outro lado, foi aprovada a proposta apresentada pelo Plano Odontol\u00f3gico ODONTOPREV, que \u00e9 um plano odontol\u00f3gico no valor b\u00e1sico de R$ 17,00(dezessete reais) e ser\u00e1 administrado na sede do SINSERV, o que, em muito, facilitar\u00e1 as necessidades dos servidores associados ao SINSERV.<\/font><\/span><span style=\"line-height: 115%; font-family: 'Verdana','sans-serif'; font-size: 10pt\"><font color=\"#000000\">Por fim, por unanimidade, foram reconduzidos como conselheiros do IPREJ: Claudio Emanuel(Conselho Fiscal) e Maria L\u00facia Lobo(Conselho Gestor), os demais conselheiros ser\u00e3o encaminhados pela diretoria do SINSERV e diretoria do SIND-ACS no prazo de 5(cinco) dias, a contar do dia 09\/09\/2010.<\/font><\/span><span style=\"line-height: 115%; font-family: 'Verdana','sans-serif'; font-size: 10pt\"><font color=\"#000000\">\u00a0<\/font><\/span><\/p>\n","protected":false},"excerpt":{"rendered":"<p>Em assembl\u00e9ia realizada no dia 08\/09\/2010(quarta-feira), na C\u00e2mara Municipal de Vereadores de Jequi\u00e9, os servidores municipais de Jequi\u00e9 discutiram e deliberaram que n\u00e3o aceitar\u00e3o a realiza\u00e7\u00e3o do novo REDA promovido pelo munic\u00edpio de Jequi\u00e9.A decis\u00e3o foi tomada ap\u00f3s amplo debate sobre o assunto, que considerou a realiza\u00e7\u00e3o de mais um REDA pelo munic\u00edpio de Jequi\u00e9 &hellip; <\/p>\n","protected":false},"author":1,"featured_media":1100,"comment_status":"open","ping_status":"open","sticky":false,"template":"","format":"standard","meta":{"footnotes":""},"categories":[15],"tags":[],"class_list":["post-1101","post","type-post","status-publish","format-standard","has-post-thumbnail","hentry","category-c34-gerais"],"_links":{"self":[{"href":"https:\/\/sinservregional.com.br\/site\/index.php?rest_route=\/wp\/v2\/posts\/1101","targetHints":{"allow":["GET"]}}],"collection":[{"href":"https:\/\/sinservregional.com.br\/site\/index.php?rest_route=\/wp\/v2\/posts"}],"about":[{"href":"https:\/\/sinservregional.com.br\/site\/index.php?rest_route=\/wp\/v2\/types\/post"}],"author":[{"embeddable":true,"href":"https:\/\/sinservregional.com.br\/site\/index.php?rest_route=\/wp\/v2\/users\/1"}],"replies":[{"embeddable":true,"href":"https:\/\/sinservregional.com.br\/site\/index.php?rest_route=%2Fwp%2Fv2%2Fcomments&post=1101"}],"version-history":[{"count":0,"href":"https:\/\/sinservregional.com.br\/site\/index.php?rest_route=\/wp\/v2\/posts\/1101\/revisions"}],"wp:featuredmedia":[{"embeddable":true,"href":"https:\/\/sinservregional.com.br\/site\/index.php?rest_route=\/wp\/v2\/media\/1100"}],"wp:attachment":[{"href":"https:\/\/sinservregional.com.br\/site\/index.php?rest_route=%2Fwp%2Fv2%2Fmedia&parent=1101"}],"wp:term":[{"taxonomy":"category","embeddable":true,"href":"https:\/\/sinservregional.com.br\/site\/index.php?rest_route=%2Fwp%2Fv2%2Fcategories&post=1101"},{"taxonomy":"post_tag","embeddable":true,"href":"https:\/\/sinservregional.com.br\/site\/index.php?rest_route=%2Fwp%2Fv2%2Ftags&post=1101"}],"curies":[{"name":"wp","href":"https:\/\/api.w.org\/{rel}","templated":true}]}}