{"id":1079,"date":"2010-08-24T19:48:29","date_gmt":"2010-08-24T19:48:29","guid":{"rendered":"http:\/\/sinservregional.com.br\/site\/?p=1079"},"modified":"2010-08-24T19:48:29","modified_gmt":"2010-08-24T19:48:29","slug":"conheca-novo-site-de-campanha","status":"publish","type":"post","link":"https:\/\/sinservregional.com.br\/site\/?p=1079","title":{"rendered":"CONHE\u00c7A NOVO SITE DE CAMPANHA"},"content":{"rendered":"<p><strong><font color=\"#000000\"><span style=\"line-height: 115%; font-family: 'Verdana','sans-serif'; font-size: 10pt\">\u00a0 <\/span><\/font><\/strong><\/p>\n<p><strong><font color=\"#000000\"><\/font><\/strong><\/p>\n<p><strong><font color=\"#000000\"><span style=\"line-height: 115%; font-family: 'Verdana','sans-serif'; font-size: 10pt\"><\/p>\n<table border=\"0\" cellspacing=\"0\" cellpadding=\"0\" width=\"95%\" class=\"MsoNormalTable\" style=\"width: 95%; border-collapse: collapse\">\n<tbody>\n<tr>\n<td width=\"100%\" style=\"padding-bottom: 7.5pt; background-color: transparent; padding-left: 0cm; width: 100%; padding-right: 0cm; padding-top: 0cm; border: #ece9d8\">\n<p><strong><span style=\"line-height: 125%; font-family: 'Verdana','sans-serif'; font-size: 10pt\"><font color=\"#000000\"><span style=\"line-height: 125%; font-family: 'Verdana','sans-serif'; font-size: 10pt\"><font color=\"#000000\"><img loading=\"lazy\" decoding=\"async\" src=\"http:\/\/admin.paginaoficial1.tempsite.ws\/admin\/arquivos\/biblioteca\/alice_0115149.jpg\" border=\"0\" hspace=\"10\" width=\"100\" height=\"103\" align=\"left\" \/><\/font><\/span> <\/font><\/span><\/strong><\/p>\n<p><strong><\/strong><\/p>\n<p>\u00a0<\/p>\n<\/td>\n<\/tr>\n<\/tbody>\n<\/table>\n<p><\/span><\/font><\/strong><\/p>\n<p align=\"justify\"><font color=\"#000000\"><span style=\"line-height: 115%; font-family: 'Verdana','sans-serif'; font-size: 10pt\">No evento em que lan\u00e7ou sua candidatura \u00e0 reelei\u00e7\u00e3o, no dia 16\/07, a deputada Alice Portugal tamb\u00e9m apresentou o novo site que utilizar\u00e1 na campanha. Com visual moderno, a p\u00e1gina na internet vai ser mais uma porta para o eleitor conhecer as propostas e o trabalho desenvolvido pela candidata nesses quase oito anos de mandato, na C\u00e2mara dos Deputados. Alinhada com as novidades, Alice dar\u00e1 aten\u00e7\u00e3o especial \u00e0s m\u00eddias sociais, como Twitter, Orkut, Facebook, Flickr e Youtube. Uma equipe de comunica\u00e7\u00e3o foi especialmente montada para dar suporte ao conte\u00fado. O eleitor ter\u00e1 acesso a v\u00eddeos e textos, onde a candidata discute quest\u00f5es relativas \u00e0 mulher, juventude, educa\u00e7\u00e3o, sa\u00fade e trabalho. Basta acessar o <\/span><span style=\"line-height: 115%; font-family: 'Verdana','sans-serif'; font-size: 10pt\"><a href=\"http:\/\/www.aliceportugal.org\/\"><span style=\"color: windowtext; text-decoration: none; text-underline: none\">http:\/\/www.aliceportugal.org\/<\/span><\/a> para obter o link de todos os perfis de Alice na internet.<\/span><\/font><\/p>\n<p align=\"justify\"><font color=\"#000000\"><span style=\"line-height: 115%; font-family: 'Verdana','sans-serif'; font-size: 10pt\"><strong>Fonte: Site da candidata.<\/strong><\/span><\/font><\/p>\n","protected":false},"excerpt":{"rendered":"<p>\u00a0 \u00a0 No evento em que lan\u00e7ou sua candidatura \u00e0 reelei\u00e7\u00e3o, no dia 16\/07, a deputada Alice Portugal tamb\u00e9m apresentou o novo site que utilizar\u00e1 na campanha. Com visual moderno, a p\u00e1gina na internet vai ser mais uma porta para o eleitor conhecer as propostas e o trabalho desenvolvido pela candidata nesses quase oito anos &hellip; <\/p>\n","protected":false},"author":1,"featured_media":0,"comment_status":"open","ping_status":"open","sticky":false,"template":"","format":"standard","meta":{"footnotes":""},"categories":[15],"tags":[],"class_list":["post-1079","post","type-post","status-publish","format-standard","hentry","category-c34-gerais"],"_links":{"self":[{"href":"https:\/\/sinservregional.com.br\/site\/index.php?rest_route=\/wp\/v2\/posts\/1079","targetHints":{"allow":["GET"]}}],"collection":[{"href":"https:\/\/sinservregional.com.br\/site\/index.php?rest_route=\/wp\/v2\/posts"}],"about":[{"href":"https:\/\/sinservregional.com.br\/site\/index.php?rest_route=\/wp\/v2\/types\/post"}],"author":[{"embeddable":true,"href":"https:\/\/sinservregional.com.br\/site\/index.php?rest_route=\/wp\/v2\/users\/1"}],"replies":[{"embeddable":true,"href":"https:\/\/sinservregional.com.br\/site\/index.php?rest_route=%2Fwp%2Fv2%2Fcomments&post=1079"}],"version-history":[{"count":0,"href":"https:\/\/sinservregional.com.br\/site\/index.php?rest_route=\/wp\/v2\/posts\/1079\/revisions"}],"wp:attachment":[{"href":"https:\/\/sinservregional.com.br\/site\/index.php?rest_route=%2Fwp%2Fv2%2Fmedia&parent=1079"}],"wp:term":[{"taxonomy":"category","embeddable":true,"href":"https:\/\/sinservregional.com.br\/site\/index.php?rest_route=%2Fwp%2Fv2%2Fcategories&post=1079"},{"taxonomy":"post_tag","embeddable":true,"href":"https:\/\/sinservregional.com.br\/site\/index.php?rest_route=%2Fwp%2Fv2%2Ftags&post=1079"}],"curies":[{"name":"wp","href":"https:\/\/api.w.org\/{rel}","templated":true}]}}