{"id":1048,"date":"2010-07-29T20:45:00","date_gmt":"2010-07-29T20:45:00","guid":{"rendered":"http:\/\/sinservregional.com.br\/site\/?p=1048"},"modified":"2010-07-29T20:45:00","modified_gmt":"2010-07-29T20:45:00","slug":"assembleia-para-discutir-renovacao-do-contrato-do-plano-de-saude-unimed","status":"publish","type":"post","link":"https:\/\/sinservregional.com.br\/site\/?p=1048","title":{"rendered":"ASSEMBL\u00c9IA PARA DISCUTIR RENOVA\u00c7\u00c3O DO CONTRATO DO PLANO DE SA\u00daDE UNIMED"},"content":{"rendered":"<p align=\"justify\"><span style=\"line-height: 115%; font-family: 'Verdana','sans-serif'; font-size: 10pt\"><font color=\"#000000\"><\/p>\n<div style=\"text-align: center\"><img loading=\"lazy\" decoding=\"async\" class=\" size-full wp-image-1047\" src=\"https:\/\/sinservregional.com.br\/site\/wp-content\/uploads\/2010\/07\/00700.jpg\" border=\"0\" width=\"449\" height=\"299\" srcset=\"https:\/\/sinservregional.com.br\/site\/wp-content\/uploads\/2010\/07\/00700.jpg 449w, https:\/\/sinservregional.com.br\/site\/wp-content\/uploads\/2010\/07\/00700-300x200.jpg 300w\" sizes=\"auto, (max-width: 449px) 100vw, 449px\" \/><\/div>\n<p><\/font><\/span><\/p>\n<p align=\"justify\"><span style=\"line-height: 115%; font-family: 'Verdana','sans-serif'; font-size: 10pt\"><font color=\"#000000\">A diretoria do SINSERV \u2013 convoca a todo o seu quadro de associados,<span>\u00a0 <\/span>para uma assembleia geral, que acontecer\u00e1 no pr\u00f3ximo dia 04\/de Agosto de 2010, quando ser\u00e1 discutida renova\u00e7\u00e3o contratual entre a UNIMED de Jequi\u00e9 \u2013 UNIVENDAS e SINSERV.A presen\u00e7a de todos e todas \u00e9 de extrema import\u00e2ncia. Pedimos que todos divulgem!<\/font><\/span><span style=\"line-height: 115%; font-family: 'Verdana','sans-serif'; font-size: 10pt\"><font color=\"#000000\">Assembl\u00e9ia Geral Extraordin\u00e1ria<\/font><\/span> <\/p>\n<p style=\"text-align: justify; margin: 0cm 0cm 10pt\" class=\"MsoNormal\" align=\"justify\"><span style=\"line-height: 115%; font-family: 'Verdana','sans-serif'; font-size: 10pt\"><font color=\"#000000\">Pauta: Aprecia\u00e7\u00e3o e Delibera\u00e7\u00e3o sobre<span>\u00a0 <\/span>a proposta de<span>\u00a0 <\/span>renova\u00e7ao do contrato do Plano de Sa\u00fade UNIMED\/UNIVENDAS\/SINSERV.<\/font><\/span><\/p>\n<p><span style=\"line-height: 115%; font-family: 'Verdana','sans-serif'; font-size: 10pt\"><font color=\"#000000\"><span style=\"line-height: 115%; font-family: 'Verdana','sans-serif'; font-size: 10pt\">Dia: 04 de Agosto de 2010 \u2013 Pr\u00f3xima Quarta-Feira.<\/span><span style=\"line-height: 115%; font-family: 'Verdana','sans-serif'; font-size: 10pt\">Hor\u00e1rio: 16:00 Horas<\/span><span style=\"line-height: 115%; font-family: 'Verdana','sans-serif'; font-size: 10pt\">Local: Sede do SINDICATO<\/span> <\/font><\/span><span style=\"line-height: 115%; font-family: 'Verdana','sans-serif'; font-size: 10pt\"><font color=\"#000000\"><\/p>\n<p style=\"text-align: justify; margin: 0cm 0cm 10pt\" class=\"MsoNormal\" align=\"justify\">\u00a0<\/p>\n<p><\/font><\/span><\/p>\n","protected":false},"excerpt":{"rendered":"<p>A diretoria do SINSERV \u2013 convoca a todo o seu quadro de associados,\u00a0 para uma assembleia geral, que acontecer\u00e1 no pr\u00f3ximo dia 04\/de Agosto de 2010, quando ser\u00e1 discutida renova\u00e7\u00e3o contratual entre a UNIMED de Jequi\u00e9 \u2013 UNIVENDAS e SINSERV.A presen\u00e7a de todos e todas \u00e9 de extrema import\u00e2ncia. Pedimos que todos divulgem!Assembl\u00e9ia Geral Extraordin\u00e1ria &hellip; <\/p>\n","protected":false},"author":1,"featured_media":1047,"comment_status":"open","ping_status":"open","sticky":false,"template":"","format":"standard","meta":{"footnotes":""},"categories":[15],"tags":[],"class_list":["post-1048","post","type-post","status-publish","format-standard","has-post-thumbnail","hentry","category-c34-gerais"],"_links":{"self":[{"href":"https:\/\/sinservregional.com.br\/site\/index.php?rest_route=\/wp\/v2\/posts\/1048","targetHints":{"allow":["GET"]}}],"collection":[{"href":"https:\/\/sinservregional.com.br\/site\/index.php?rest_route=\/wp\/v2\/posts"}],"about":[{"href":"https:\/\/sinservregional.com.br\/site\/index.php?rest_route=\/wp\/v2\/types\/post"}],"author":[{"embeddable":true,"href":"https:\/\/sinservregional.com.br\/site\/index.php?rest_route=\/wp\/v2\/users\/1"}],"replies":[{"embeddable":true,"href":"https:\/\/sinservregional.com.br\/site\/index.php?rest_route=%2Fwp%2Fv2%2Fcomments&post=1048"}],"version-history":[{"count":0,"href":"https:\/\/sinservregional.com.br\/site\/index.php?rest_route=\/wp\/v2\/posts\/1048\/revisions"}],"wp:featuredmedia":[{"embeddable":true,"href":"https:\/\/sinservregional.com.br\/site\/index.php?rest_route=\/wp\/v2\/media\/1047"}],"wp:attachment":[{"href":"https:\/\/sinservregional.com.br\/site\/index.php?rest_route=%2Fwp%2Fv2%2Fmedia&parent=1048"}],"wp:term":[{"taxonomy":"category","embeddable":true,"href":"https:\/\/sinservregional.com.br\/site\/index.php?rest_route=%2Fwp%2Fv2%2Fcategories&post=1048"},{"taxonomy":"post_tag","embeddable":true,"href":"https:\/\/sinservregional.com.br\/site\/index.php?rest_route=%2Fwp%2Fv2%2Ftags&post=1048"}],"curies":[{"name":"wp","href":"https:\/\/api.w.org\/{rel}","templated":true}]}}